{"id":28555,"date":"2026-04-29T11:11:07","date_gmt":"2026-04-29T09:11:07","guid":{"rendered":"https:\/\/www.izarkom.eus\/manifiesto-colectivo-por-la-soberania-en-el-aniversario-del-apagon\/"},"modified":"2026-04-29T12:24:30","modified_gmt":"2026-04-29T10:24:30","slug":"manifiesto-colectivo-por-la-soberania-en-el-aniversario-del-apagon","status":"publish","type":"post","link":"https:\/\/www.izarkom.eus\/es\/manifiesto-colectivo-por-la-soberania-en-el-aniversario-del-apagon\/","title":{"rendered":"Manifiesto colectivo por la soberan\u00eda en el aniversario del apag\u00f3n"},"content":{"rendered":"<p>[et_pb_section fb_built=\u00bb1&#8243; _builder_version=\u00bb4.27.6&#8243; background_color=\u00bbRGBA(255,255,255,0)\u00bb custom_margin=\u00bb20px||||false|false\u00bb da_disable_devices=\u00bboff|off|off\u00bb global_colors_info=\u00bb{}\u00bb da_is_popup=\u00bboff\u00bb da_exit_intent=\u00bboff\u00bb da_has_close=\u00bbon\u00bb da_alt_close=\u00bboff\u00bb da_dark_close=\u00bboff\u00bb da_not_modal=\u00bbon\u00bb da_is_singular=\u00bboff\u00bb da_with_loader=\u00bboff\u00bb da_has_shadow=\u00bbon\u00bb][et_pb_row _builder_version=\u00bb4.22.1&#8243; background_color=\u00bbRGBA(255,255,255,0)\u00bb background_size=\u00bbinitial\u00bb background_position=\u00bbtop_left\u00bb background_repeat=\u00bbrepeat\u00bb width_tablet=\u00bb\u00bb width_phone=\u00bb100%\u00bb width_last_edited=\u00bbon|phone\u00bb global_colors_info=\u00bb{}\u00bb][et_pb_column type=\u00bb4_4&#8243; _builder_version=\u00bb4.22.1&#8243; background_color=\u00bbRGBA(255,255,255,0)\u00bb custom_padding=\u00bb|||\u00bb global_colors_info=\u00bb{}\u00bb custom_padding__hover=\u00bb|||\u00bb][et_pb_text _builder_version=\u00bb4.27.6&#8243; text_font_size=\u00bb16px\u00bb text_line_height=\u00bb1.8em\u00bb header_font_size=\u00bb19px\u00bb header_3_font=\u00bbPoppins|300|||||||\u00bb header_3_font_size=\u00bb20px\u00bb background_color=\u00bbRGBA(255,255,255,0)\u00bb background_size=\u00bbinitial\u00bb background_position=\u00bbtop_left\u00bb background_repeat=\u00bbrepeat\u00bb text_orientation=\u00bbjustified\u00bb link_option_url_new_window=\u00bbon\u00bb hover_enabled=\u00bb0&#8243; global_colors_info=\u00bb{}\u00bb sticky_enabled=\u00bb0&#8243;]<\/p>\n<h2 style=\"text-align: justify;\">Manifiesto colectivo por la soberan\u00eda en el aniversario del apag\u00f3n<\/h2>\n<p style=\"text-align: justify;\">28 de abril de 2026. 12:33. Un d\u00eda que quedar\u00e1 clavado en nuestra memoria, ya que casi toda Hego Euskal Herria se qued\u00f3 sin electricidad e incomunicada. En muchos pueblos o barrios tardaron horas, d\u00edas en volver a la normalidad. Hoy, aunque se<br \/>cumple un a\u00f1o, todav\u00eda no est\u00e1 claro qu\u00e9 provoc\u00f3 aquel apag\u00f3n sin precedentes. Sin embargo, son tan evidentes como profundas las consecuencias sociales y econ\u00f3micas que produjo esta interrupci\u00f3n.   <\/p>\n<p style=\"text-align: justify;\">Y es que aquel 28 de abril todo par\u00f3 de golpe: los hospitales, la industria y los transportes; miles de peque\u00f1as empresas y comerciantes sufrieron enormes p\u00e9rdidas; el miedo nos entr\u00f3 hasta la casa y muchos\/as ciudadanos\/as, sin poder entender lo que estaba pasando, nos sentimos indefensos\/as. Aquella oscuridad sin internet ni electricidad nos hizo ver claramente, en los tiempos en que nos creemos m\u00e1s conectadas que nunca, lo dependientes y vulnerables que somos. <\/p>\n<p style=\"text-align: justify;\"><strong>El modelo actual en entredicho<\/strong><br \/>\u00bfPor qu\u00e9 esa contradicci\u00f3n? Pues porque hemos dado por bueno que nuestras necesidades b\u00e1sicas, como la energ\u00eda o las tecnolog\u00edas para la comunicaci\u00f3n, est\u00e9n en manos de grandes oligopolios y de unas pocas multinacionales. Un modelo que no cree en el control democr\u00e1tico, sino en el beneficio privado; un modelo que no garantiza la participaci\u00f3n ciudadana, pero s\u00ed una din\u00e1mica global salvaje; un modelo que fall\u00f3 hace un a\u00f1o y puso en jaque nuestras vidas.  <\/p>\n<p style=\"text-align: justify;\">Aquella gran pausa no s\u00f3lo nos dej\u00f3 a oscuras; tambi\u00e9n nos puso un espejo ante nuestros ojos y nos dimos cuenta de que hemos dejado en manos ajenas nuestra libertad y nuestras imprescindibles infraestructuras cr\u00edticas. fortunadamente, no es demasiado tarde. Afortunadamente, hay otra forma.  <\/p>\n<p style=\"text-align: justify;\"><strong>Alternativas populares<\/strong><br \/>Un a\u00f1o despu\u00e9s estamos aqu\u00ed para reivindicar a los cuatro vientos la necesidad de redes m\u00e1s aut\u00f3nomas, democr\u00e1ticas y participativas; de fortalecer las econom\u00edas y comunidades locales; y que es imprescindible recuperar la soberan\u00eda sobre los bienes b\u00e1sicos que son de todas. No se trata de apartarse del mundo, sino de encender alternativas ciudadanas sostenibles e interconectadas ante los apagones provocados por ese modelo centralizado y salvaje. <\/p>\n<p style=\"text-align: justify;\">Hoy hace un a\u00f1o nos dimos cuenta, m\u00e1s que nunca, de que nos necesitamos mutuamente para avanzar en el camino de la transformaci\u00f3n ecosocial y que, tanto en el d\u00eda a d\u00eda como en el pr\u00f3ximo apag\u00f3n, no seremos apoyados por multinacionales hambrientas de beneficios, sino por s\u00f3lidas redes tejidas en comunidad.<\/p>\n<p style=\"text-align: justify;\">Tenemos que recorrer juntas el camino para crear y proteger esas estructuras comunitarias. Para ello, urge abrir un debate desde un an\u00e1lisis cr\u00edtico de nuestros h\u00e1bitos de consumo. \u00bfQu\u00e9 modelo prefieres? \u00bf\u00bbUsar y tirar\u00bb o \u00absembrar, cuidar y recoger\u00bb?   <\/p>\n<p style=\"text-align: justify;\"><strong>Encendamos alternativas<\/strong><br \/>La energ\u00eda o las tecnolog\u00edas de la comunicaci\u00f3n, por ejemplo, son hoy derechos fundamentales y estos servicios no pueden depender de unos\/as pocos\/as con poder. Se pueden gestionar desde la justicia social, la sostenibilidad y la participaci\u00f3n democr\u00e1tica, tal y como lo demostramos a diario desde los varios proyectos populares. <\/p>\n<p style=\"text-align: justify;\">El gran apag\u00f3n de hace un a\u00f1o puso de manifiesto las miserias y las d\u00e9biles costuras de nuestra sociedad, pero tambi\u00e9n nuestra capacidad de solidaridad y cuidado. Un ejemplo de ello es esa peque\u00f1a luz prendida: la iniciativa \u00abApaga el sistema, enciende alternativas\u00bb puesta en marcha por las cooperativas Goiener e Izarkom, que recibi\u00f3 un importante apoyo social. Las firmantes que nos sumamos a dicho manifiesto queremos aprovechar este aniversario del apag\u00f3n para reivindicar, m\u00e1s que nunca, un modelo de econom\u00eda diferente y alternativas de pa\u00eds.  <\/p>\n<p style=\"text-align: justify;\">Ahora es el momento de actuar. Ciudadania, instituciones p\u00fablicas y cooperativas debemos aunar esfuerzos para impulsar la transici\u00f3n ecosocial. Para evitar nuevos apagones. Para encender alternativas reales.   <\/p>\n<p style=\"text-align: justify;\"><strong>Firmantes<\/strong><br \/><em>Olatukoop \u2014 Udalbiltza \u2014 REAS Euskadi \u2014 ELA \u2014 LAB \u2014 Etxalde \u2014 ESK \u2014 Joxemi Zumalabe Fundazioa \u2014 Ekhilur \u2014 EH KOM \u2014 Talaios \u2014 Koop57 \u2014 BAM (Burujabetzaren aldeko mugimendua) \u2014 Butroi bizirik \u2014 Euskonet Elkartea \u2014 Goiener \u2014 Izarkom<\/em><\/p>\n<p style=\"text-align: justify;\"><em><\/em><\/p>\n<p style=\"text-align: justify;\"><a href=\"https:\/\/piztualternatibak.eus\/\">Lehe el manifiesto<\/a><\/p>\n<p>[\/et_pb_text][et_pb_video src=\u00bbhttps:\/\/www.izarkom.eus\/wp-content\/uploads\/2026\/04\/Piztu-Alternatibak-urte-bat-BIDEOA-II.mp4&#8243; src_webm=\u00bbhttps:\/\/www.izarkom.eus\/wp-content\/uploads\/2026\/04\/Piztu-Alternatibak-urte-bat-BIDEOA-WEB.webm\u00bb _builder_version=\u00bb4.27.6&#8243; _module_preset=\u00bbdefault\u00bb global_colors_info=\u00bb{}\u00bb][\/et_pb_video][\/et_pb_column][\/et_pb_row][\/et_pb_section]<\/p>\n","protected":false},"excerpt":{"rendered":"<p>Manifiesto colectivo por la soberan\u00eda en el aniversario del apag\u00f3n 28 de abril de 2026. 12:33. Un d\u00eda que quedar\u00e1 clavado en nuestra memoria, ya que casi toda Hego Euskal [&hellip;]<\/p>\n","protected":false},"author":5,"featured_media":28554,"comment_status":"open","ping_status":"open","sticky":false,"template":"","format":"standard","meta":{"_et_pb_use_builder":"on","_et_pb_old_content":"","_et_gb_content_width":"","footnotes":""},"categories":[60],"tags":[269,128,224],"class_list":["post-28555","post","type-post","status-publish","format-standard","has-post-thumbnail","hentry","category-berriak-es-2","tag-alternatiba-es-2","tag-hitzarmena-es","tag-piztu-alternatiba-es"],"yoast_head":"<!-- This site is optimized with the Yoast SEO plugin v27.5 - https:\/\/yoast.com\/product\/yoast-seo-wordpress\/ -->\n<title>Manifiesto colectivo por la soberan\u00eda en el aniversario del apag\u00f3n - izarkom<\/title>\n<meta name=\"robots\" content=\"index, follow, max-snippet:-1, max-image-preview:large, max-video-preview:-1\" \/>\n<link rel=\"canonical\" href=\"https:\/\/www.izarkom.eus\/es\/manifiesto-colectivo-por-la-soberania-en-el-aniversario-del-apagon\/\" \/>\n<meta property=\"og:locale\" content=\"es_ES\" \/>\n<meta property=\"og:type\" content=\"article\" \/>\n<meta property=\"og:title\" content=\"Manifiesto colectivo por la soberan\u00eda en el aniversario del apag\u00f3n - izarkom\" \/>\n<meta property=\"og:description\" content=\"Manifiesto colectivo por la soberan\u00eda en el aniversario del apag\u00f3n 28 de abril de 2026. 12:33. Un d\u00eda que quedar\u00e1 clavado en nuestra memoria, ya que casi toda Hego Euskal [&hellip;]\" \/>\n<meta property=\"og:url\" content=\"https:\/\/www.izarkom.eus\/es\/manifiesto-colectivo-por-la-soberania-en-el-aniversario-del-apagon\/\" \/>\n<meta property=\"og:site_name\" content=\"izarkom\" \/>\n<meta property=\"article:published_time\" content=\"2026-04-29T09:11:07+00:00\" \/>\n<meta property=\"article:modified_time\" content=\"2026-04-29T10:24:30+00:00\" \/>\n<meta property=\"og:image\" content=\"https:\/\/www.izarkom.eus\/wp-content\/uploads\/2026\/04\/photo_2026-04-29_10-54-05.jpg\" \/>\n\t<meta property=\"og:image:width\" content=\"1280\" \/>\n\t<meta property=\"og:image:height\" content=\"722\" \/>\n\t<meta property=\"og:image:type\" content=\"image\/jpeg\" \/>\n<meta name=\"author\" content=\"Garaialde(e)ko Gari\" \/>\n<meta name=\"twitter:card\" content=\"summary_large_image\" \/>\n<meta name=\"twitter:label1\" content=\"Escrito por\" \/>\n\t<meta name=\"twitter:data1\" content=\"Garaialde(e)ko Gari\" \/>\n\t<meta name=\"twitter:label2\" content=\"Tiempo de lectura\" \/>\n\t<meta name=\"twitter:data2\" content=\"4 minutos\" \/>\n<script type=\"application\/ld+json\" class=\"yoast-schema-graph\">{\"@context\":\"https:\\\/\\\/schema.org\",\"@graph\":[{\"@type\":\"Article\",\"@id\":\"https:\\\/\\\/www.izarkom.eus\\\/es\\\/manifiesto-colectivo-por-la-soberania-en-el-aniversario-del-apagon\\\/#article\",\"isPartOf\":{\"@id\":\"https:\\\/\\\/www.izarkom.eus\\\/es\\\/manifiesto-colectivo-por-la-soberania-en-el-aniversario-del-apagon\\\/\"},\"author\":{\"name\":\"Garaialde(e)ko Gari\",\"@id\":\"https:\\\/\\\/www.izarkom.eus\\\/#\\\/schema\\\/person\\\/56365137280c1e53dc4fe6bc34d7a976\"},\"headline\":\"Manifiesto colectivo por la soberan\u00eda en el aniversario del apag\u00f3n\",\"datePublished\":\"2026-04-29T09:11:07+00:00\",\"dateModified\":\"2026-04-29T10:24:30+00:00\",\"mainEntityOfPage\":{\"@id\":\"https:\\\/\\\/www.izarkom.eus\\\/es\\\/manifiesto-colectivo-por-la-soberania-en-el-aniversario-del-apagon\\\/\"},\"wordCount\":912,\"commentCount\":0,\"image\":{\"@id\":\"https:\\\/\\\/www.izarkom.eus\\\/es\\\/manifiesto-colectivo-por-la-soberania-en-el-aniversario-del-apagon\\\/#primaryimage\"},\"thumbnailUrl\":\"https:\\\/\\\/www.izarkom.eus\\\/wp-content\\\/uploads\\\/2026\\\/04\\\/photo_2026-04-29_10-54-05.jpg\",\"keywords\":[\"Alternatiba\",\"Hitzarmena\",\"Piztu Alternatiba\"],\"articleSection\":[\"Berriak\"],\"inLanguage\":\"es\",\"potentialAction\":[{\"@type\":\"CommentAction\",\"name\":\"Comment\",\"target\":[\"https:\\\/\\\/www.izarkom.eus\\\/es\\\/manifiesto-colectivo-por-la-soberania-en-el-aniversario-del-apagon\\\/#respond\"]}]},{\"@type\":\"WebPage\",\"@id\":\"https:\\\/\\\/www.izarkom.eus\\\/es\\\/manifiesto-colectivo-por-la-soberania-en-el-aniversario-del-apagon\\\/\",\"url\":\"https:\\\/\\\/www.izarkom.eus\\\/es\\\/manifiesto-colectivo-por-la-soberania-en-el-aniversario-del-apagon\\\/\",\"name\":\"Manifiesto colectivo por la soberan\u00eda en el aniversario del apag\u00f3n - izarkom\",\"isPartOf\":{\"@id\":\"https:\\\/\\\/www.izarkom.eus\\\/#website\"},\"primaryImageOfPage\":{\"@id\":\"https:\\\/\\\/www.izarkom.eus\\\/es\\\/manifiesto-colectivo-por-la-soberania-en-el-aniversario-del-apagon\\\/#primaryimage\"},\"image\":{\"@id\":\"https:\\\/\\\/www.izarkom.eus\\\/es\\\/manifiesto-colectivo-por-la-soberania-en-el-aniversario-del-apagon\\\/#primaryimage\"},\"thumbnailUrl\":\"https:\\\/\\\/www.izarkom.eus\\\/wp-content\\\/uploads\\\/2026\\\/04\\\/photo_2026-04-29_10-54-05.jpg\",\"datePublished\":\"2026-04-29T09:11:07+00:00\",\"dateModified\":\"2026-04-29T10:24:30+00:00\",\"author\":{\"@id\":\"https:\\\/\\\/www.izarkom.eus\\\/#\\\/schema\\\/person\\\/56365137280c1e53dc4fe6bc34d7a976\"},\"breadcrumb\":{\"@id\":\"https:\\\/\\\/www.izarkom.eus\\\/es\\\/manifiesto-colectivo-por-la-soberania-en-el-aniversario-del-apagon\\\/#breadcrumb\"},\"inLanguage\":\"es\",\"potentialAction\":[{\"@type\":\"ReadAction\",\"target\":[\"https:\\\/\\\/www.izarkom.eus\\\/es\\\/manifiesto-colectivo-por-la-soberania-en-el-aniversario-del-apagon\\\/\"]}]},{\"@type\":\"ImageObject\",\"inLanguage\":\"es\",\"@id\":\"https:\\\/\\\/www.izarkom.eus\\\/es\\\/manifiesto-colectivo-por-la-soberania-en-el-aniversario-del-apagon\\\/#primaryimage\",\"url\":\"https:\\\/\\\/www.izarkom.eus\\\/wp-content\\\/uploads\\\/2026\\\/04\\\/photo_2026-04-29_10-54-05.jpg\",\"contentUrl\":\"https:\\\/\\\/www.izarkom.eus\\\/wp-content\\\/uploads\\\/2026\\\/04\\\/photo_2026-04-29_10-54-05.jpg\",\"width\":1280,\"height\":722},{\"@type\":\"BreadcrumbList\",\"@id\":\"https:\\\/\\\/www.izarkom.eus\\\/es\\\/manifiesto-colectivo-por-la-soberania-en-el-aniversario-del-apagon\\\/#breadcrumb\",\"itemListElement\":[{\"@type\":\"ListItem\",\"position\":1,\"name\":\"Home\",\"item\":\"https:\\\/\\\/www.izarkom.eus\\\/\"},{\"@type\":\"ListItem\",\"position\":2,\"name\":\"Manifiesto colectivo por la soberan\u00eda en el aniversario del apag\u00f3n\"}]},{\"@type\":\"WebSite\",\"@id\":\"https:\\\/\\\/www.izarkom.eus\\\/#website\",\"url\":\"https:\\\/\\\/www.izarkom.eus\\\/\",\"name\":\"izarkom\",\"description\":\"Izarkom, Euskal Herriko telekomunikazio kooperatiba\",\"potentialAction\":[{\"@type\":\"SearchAction\",\"target\":{\"@type\":\"EntryPoint\",\"urlTemplate\":\"https:\\\/\\\/www.izarkom.eus\\\/?s={search_term_string}\"},\"query-input\":{\"@type\":\"PropertyValueSpecification\",\"valueRequired\":true,\"valueName\":\"search_term_string\"}}],\"inLanguage\":\"es\"},{\"@type\":\"Person\",\"@id\":\"https:\\\/\\\/www.izarkom.eus\\\/#\\\/schema\\\/person\\\/56365137280c1e53dc4fe6bc34d7a976\",\"name\":\"Garaialde(e)ko Gari\",\"url\":\"https:\\\/\\\/www.izarkom.eus\\\/es\\\/author\\\/gari-garaialde\\\/\"}]}<\/script>\n<!-- \/ Yoast SEO plugin. -->","yoast_head_json":{"title":"Manifiesto colectivo por la soberan\u00eda en el aniversario del apag\u00f3n - izarkom","robots":{"index":"index","follow":"follow","max-snippet":"max-snippet:-1","max-image-preview":"max-image-preview:large","max-video-preview":"max-video-preview:-1"},"canonical":"https:\/\/www.izarkom.eus\/es\/manifiesto-colectivo-por-la-soberania-en-el-aniversario-del-apagon\/","og_locale":"es_ES","og_type":"article","og_title":"Manifiesto colectivo por la soberan\u00eda en el aniversario del apag\u00f3n - izarkom","og_description":"Manifiesto colectivo por la soberan\u00eda en el aniversario del apag\u00f3n 28 de abril de 2026. 12:33. Un d\u00eda que quedar\u00e1 clavado en nuestra memoria, ya que casi toda Hego Euskal [&hellip;]","og_url":"https:\/\/www.izarkom.eus\/es\/manifiesto-colectivo-por-la-soberania-en-el-aniversario-del-apagon\/","og_site_name":"izarkom","article_published_time":"2026-04-29T09:11:07+00:00","article_modified_time":"2026-04-29T10:24:30+00:00","og_image":[{"width":1280,"height":722,"url":"https:\/\/www.izarkom.eus\/wp-content\/uploads\/2026\/04\/photo_2026-04-29_10-54-05.jpg","type":"image\/jpeg"}],"author":"Garaialde(e)ko Gari","twitter_card":"summary_large_image","twitter_misc":{"Escrito por":"Garaialde(e)ko Gari","Tiempo de lectura":"4 minutos"},"schema":{"@context":"https:\/\/schema.org","@graph":[{"@type":"Article","@id":"https:\/\/www.izarkom.eus\/es\/manifiesto-colectivo-por-la-soberania-en-el-aniversario-del-apagon\/#article","isPartOf":{"@id":"https:\/\/www.izarkom.eus\/es\/manifiesto-colectivo-por-la-soberania-en-el-aniversario-del-apagon\/"},"author":{"name":"Garaialde(e)ko Gari","@id":"https:\/\/www.izarkom.eus\/#\/schema\/person\/56365137280c1e53dc4fe6bc34d7a976"},"headline":"Manifiesto colectivo por la soberan\u00eda en el aniversario del apag\u00f3n","datePublished":"2026-04-29T09:11:07+00:00","dateModified":"2026-04-29T10:24:30+00:00","mainEntityOfPage":{"@id":"https:\/\/www.izarkom.eus\/es\/manifiesto-colectivo-por-la-soberania-en-el-aniversario-del-apagon\/"},"wordCount":912,"commentCount":0,"image":{"@id":"https:\/\/www.izarkom.eus\/es\/manifiesto-colectivo-por-la-soberania-en-el-aniversario-del-apagon\/#primaryimage"},"thumbnailUrl":"https:\/\/www.izarkom.eus\/wp-content\/uploads\/2026\/04\/photo_2026-04-29_10-54-05.jpg","keywords":["Alternatiba","Hitzarmena","Piztu Alternatiba"],"articleSection":["Berriak"],"inLanguage":"es","potentialAction":[{"@type":"CommentAction","name":"Comment","target":["https:\/\/www.izarkom.eus\/es\/manifiesto-colectivo-por-la-soberania-en-el-aniversario-del-apagon\/#respond"]}]},{"@type":"WebPage","@id":"https:\/\/www.izarkom.eus\/es\/manifiesto-colectivo-por-la-soberania-en-el-aniversario-del-apagon\/","url":"https:\/\/www.izarkom.eus\/es\/manifiesto-colectivo-por-la-soberania-en-el-aniversario-del-apagon\/","name":"Manifiesto colectivo por la soberan\u00eda en el aniversario del apag\u00f3n - izarkom","isPartOf":{"@id":"https:\/\/www.izarkom.eus\/#website"},"primaryImageOfPage":{"@id":"https:\/\/www.izarkom.eus\/es\/manifiesto-colectivo-por-la-soberania-en-el-aniversario-del-apagon\/#primaryimage"},"image":{"@id":"https:\/\/www.izarkom.eus\/es\/manifiesto-colectivo-por-la-soberania-en-el-aniversario-del-apagon\/#primaryimage"},"thumbnailUrl":"https:\/\/www.izarkom.eus\/wp-content\/uploads\/2026\/04\/photo_2026-04-29_10-54-05.jpg","datePublished":"2026-04-29T09:11:07+00:00","dateModified":"2026-04-29T10:24:30+00:00","author":{"@id":"https:\/\/www.izarkom.eus\/#\/schema\/person\/56365137280c1e53dc4fe6bc34d7a976"},"breadcrumb":{"@id":"https:\/\/www.izarkom.eus\/es\/manifiesto-colectivo-por-la-soberania-en-el-aniversario-del-apagon\/#breadcrumb"},"inLanguage":"es","potentialAction":[{"@type":"ReadAction","target":["https:\/\/www.izarkom.eus\/es\/manifiesto-colectivo-por-la-soberania-en-el-aniversario-del-apagon\/"]}]},{"@type":"ImageObject","inLanguage":"es","@id":"https:\/\/www.izarkom.eus\/es\/manifiesto-colectivo-por-la-soberania-en-el-aniversario-del-apagon\/#primaryimage","url":"https:\/\/www.izarkom.eus\/wp-content\/uploads\/2026\/04\/photo_2026-04-29_10-54-05.jpg","contentUrl":"https:\/\/www.izarkom.eus\/wp-content\/uploads\/2026\/04\/photo_2026-04-29_10-54-05.jpg","width":1280,"height":722},{"@type":"BreadcrumbList","@id":"https:\/\/www.izarkom.eus\/es\/manifiesto-colectivo-por-la-soberania-en-el-aniversario-del-apagon\/#breadcrumb","itemListElement":[{"@type":"ListItem","position":1,"name":"Home","item":"https:\/\/www.izarkom.eus\/"},{"@type":"ListItem","position":2,"name":"Manifiesto colectivo por la soberan\u00eda en el aniversario del apag\u00f3n"}]},{"@type":"WebSite","@id":"https:\/\/www.izarkom.eus\/#website","url":"https:\/\/www.izarkom.eus\/","name":"izarkom","description":"Izarkom, Euskal Herriko telekomunikazio kooperatiba","potentialAction":[{"@type":"SearchAction","target":{"@type":"EntryPoint","urlTemplate":"https:\/\/www.izarkom.eus\/?s={search_term_string}"},"query-input":{"@type":"PropertyValueSpecification","valueRequired":true,"valueName":"search_term_string"}}],"inLanguage":"es"},{"@type":"Person","@id":"https:\/\/www.izarkom.eus\/#\/schema\/person\/56365137280c1e53dc4fe6bc34d7a976","name":"Garaialde(e)ko Gari","url":"https:\/\/www.izarkom.eus\/es\/author\/gari-garaialde\/"}]}},"_links":{"self":[{"href":"https:\/\/www.izarkom.eus\/es\/wp-json\/wp\/v2\/posts\/28555","targetHints":{"allow":["GET"]}}],"collection":[{"href":"https:\/\/www.izarkom.eus\/es\/wp-json\/wp\/v2\/posts"}],"about":[{"href":"https:\/\/www.izarkom.eus\/es\/wp-json\/wp\/v2\/types\/post"}],"author":[{"embeddable":true,"href":"https:\/\/www.izarkom.eus\/es\/wp-json\/wp\/v2\/users\/5"}],"replies":[{"embeddable":true,"href":"https:\/\/www.izarkom.eus\/es\/wp-json\/wp\/v2\/comments?post=28555"}],"version-history":[{"count":5,"href":"https:\/\/www.izarkom.eus\/es\/wp-json\/wp\/v2\/posts\/28555\/revisions"}],"predecessor-version":[{"id":28567,"href":"https:\/\/www.izarkom.eus\/es\/wp-json\/wp\/v2\/posts\/28555\/revisions\/28567"}],"wp:featuredmedia":[{"embeddable":true,"href":"https:\/\/www.izarkom.eus\/es\/wp-json\/wp\/v2\/media\/28554"}],"wp:attachment":[{"href":"https:\/\/www.izarkom.eus\/es\/wp-json\/wp\/v2\/media?parent=28555"}],"wp:term":[{"taxonomy":"category","embeddable":true,"href":"https:\/\/www.izarkom.eus\/es\/wp-json\/wp\/v2\/categories?post=28555"},{"taxonomy":"post_tag","embeddable":true,"href":"https:\/\/www.izarkom.eus\/es\/wp-json\/wp\/v2\/tags?post=28555"}],"curies":[{"name":"wp","href":"https:\/\/api.w.org\/{rel}","templated":true}]}}