{"id":28433,"date":"2024-07-02T11:06:00","date_gmt":"2024-07-02T09:06:00","guid":{"rendered":"https:\/\/www.izarkom.eus\/internet-un-derecho-para-todos-y-todas\/"},"modified":"2026-04-23T11:08:01","modified_gmt":"2026-04-23T09:08:01","slug":"internet-un-derecho-para-todos-y-todas","status":"publish","type":"post","link":"https:\/\/www.izarkom.eus\/es\/internet-un-derecho-para-todos-y-todas\/","title":{"rendered":"Internet, un derecho para todos y todas"},"content":{"rendered":"<p>[et_pb_section fb_built=\u00bb1&#8243; _builder_version=\u00bb4.25.1&#8243; background_color=\u00bbRGBA(255,255,255,0)\u00bb da_disable_devices=\u00bboff|off|off\u00bb global_colors_info=\u00bb{}\u00bb theme_builder_area=\u00bbpost_content\u00bb da_is_popup=\u00bboff\u00bb da_exit_intent=\u00bboff\u00bb da_has_close=\u00bbon\u00bb da_alt_close=\u00bboff\u00bb da_dark_close=\u00bboff\u00bb da_not_modal=\u00bbon\u00bb da_is_singular=\u00bboff\u00bb da_with_loader=\u00bboff\u00bb da_has_shadow=\u00bbon\u00bb][et_pb_row _builder_version=\u00bb4.22.1&#8243; background_color=\u00bbRGBA(255,255,255,0)\u00bb background_size=\u00bbinitial\u00bb background_position=\u00bbtop_left\u00bb background_repeat=\u00bbrepeat\u00bb width_tablet=\u00bb\u00bb width_phone=\u00bb100%\u00bb width_last_edited=\u00bbon|phone\u00bb global_colors_info=\u00bb{}\u00bb theme_builder_area=\u00bbpost_content\u00bb][et_pb_column type=\u00bb4_4&#8243; _builder_version=\u00bb4.22.1&#8243; background_color=\u00bbRGBA(255,255,255,0)\u00bb custom_padding=\u00bb|||\u00bb global_colors_info=\u00bb{}\u00bb custom_padding__hover=\u00bb|||\u00bb theme_builder_area=\u00bbpost_content\u00bb][et_pb_text _builder_version=\u00bb4.27.6&#8243; text_font_size=\u00bb16px\u00bb text_line_height=\u00bb1.8em\u00bb header_font_size=\u00bb19px\u00bb header_3_font=\u00bbPoppins|300|||||||\u00bb header_3_font_size=\u00bb20px\u00bb background_color=\u00bbRGBA(255,255,255,0)\u00bb background_size=\u00bbinitial\u00bb background_position=\u00bbtop_left\u00bb background_repeat=\u00bbrepeat\u00bb text_orientation=\u00bbjustified\u00bb custom_padding=\u00bb||0px|||\u00bb hover_enabled=\u00bb0&#8243; global_colors_info=\u00bb{}\u00bb theme_builder_area=\u00bbpost_content\u00bb sticky_enabled=\u00bb0&#8243;]<\/p>\n<h2><strong><br \/>ELA pone en marcha una colaboraci\u00f3n con Izarkom para impulsar la soberan\u00eda en telecomunicaciones<\/strong><\/h2>\n<p>&nbsp;<\/p>\n<p>Es sabido que ELA, como agente de una econom\u00eda social transformadora y de soberan\u00eda, act\u00faa en diferentes \u00e1mbitos, entre ellos el fomento de las cooperativas y alternativas de consumo radicadas en el Pa\u00eds Vasco. Por la misma v\u00eda, afrontando el oligopolio en el sector de las telecomunicaciones en manos de multinacionales, acaba de iniciar una colaboraci\u00f3n con Izarkom. Izarkom es una cooperativa integral sin \u00e1nimo de lucro, operadora cooperativa del Pa\u00eds Vasco que ofrece servicios de internet y l\u00edneas telef\u00f3nicas para ir m\u00e1s all\u00e1 en la soberan\u00eda de las telecomunicaciones. Creado en 2017, se trata de un proyecto de pa\u00eds, es decir, una herramienta para decidir y trabajar sobre c\u00f3mo un pueblo o una sociedad quiere recibir sus servicios de telecomunicaciones.   <\/p>\n<h3><strong>Derecho a Internet<\/strong><\/h3>\n<p>2011. Desde 2011, Naciones Unidas ha publicado una serie de resoluciones e informes sobre la protecci\u00f3n de Internet como Derecho Humano y pidiendo a los gobiernos que pusieran a disposici\u00f3n de todos los ciudadanos y las ciudadanas la conexi\u00f3n a Internet. Se ha convertido en un instrumento imprescindible para la informaci\u00f3n, la educaci\u00f3n u otros derechos importantes. Sin embargo, debido a la mercantilizaci\u00f3n del acceso a Internet, las instituciones p\u00fablicas tienen serias dificultades y obst\u00e1culos para desplegar un acceso digno a la red. De esta forma, el acceso a Internet se ha extendido especialmente por las ciudades y los grupos sociales de nivel econ\u00f3mico medio y alto, y la poblaci\u00f3n de las zonas rurales y\/o de ingresos m\u00ednimos presenta grandes dificultades. Por eso Izarkom es un proyecto de pa\u00eds para poder ejercer democr\u00e1ticamente este derecho a la conexi\u00f3n a Internet en Euskal Herria.    <\/p>\n<h3><strong>Combatir la privatizaci\u00f3n<\/strong><\/h3>\n<p>Despu\u00e9s de que en 2015 Euskaltel vendiera en bolsa el 68% de la empresa, en Euskal Herria se han dado pasos importantes para alejarse totalmente de la competencia p\u00fablica y profundizar en la privatizaci\u00f3n, quedando en manos de transnacionales las escasas estructuras de telecomunicaciones trabajadas desde el punto de vista popular. En lugar de recibir estos servicios a trav\u00e9s de multinacionales, hacerlo de forma cooperativa a trav\u00e9s de una red de consumidores auto-organizada puede ser una forma de invertir la tendencia. Tenemos normalizado que la educaci\u00f3n o la sanidad sean p\u00fablicas, y su privatizaci\u00f3n tiene una respuesta. En cambio, tenemos totalmente interiorizado el acceso a los servicios de telecomunicaciones b\u00e1sicos para la sociedad a trav\u00e9s de empresas privadas. Izarkom es un proyecto para reflexionar sobre la brecha digital de la sociedad, incidir y acceder de otra manera a esos servicios.    <\/p>\n<h3><strong>En el camino de la soberan\u00eda, la colaboraci\u00f3n en marcha<\/strong><\/h3>\n<p>Izarkom es una cooperativa que nace y vive en euskera, por lo que es una operadora que adem\u00e1s de ofrecer comunicaci\u00f3n y atenci\u00f3n cercana, garantiza los derechos ling\u00fc\u00edsticos. Siendo una cooperativa sin \u00e1nimo de lucro, todos los beneficios que pueda tener est\u00e1n destinados al impulso p\u00fablico, como la creaci\u00f3n de redes libres y abiertas en colaboraci\u00f3n con el proyecto EHkom, la difusi\u00f3n de nuevos nodos o la realizaci\u00f3n de diferentes campa\u00f1as de sensibilizaci\u00f3n. Actualmente puede prestar sus servicios en toda Hego Euskal Herria, pero trabaja para evitar los obst\u00e1culos que genera la divisi\u00f3n administrativa y poder hacerlo tambi\u00e9n en Iparralde.  <\/p>\n<p>Teniendo en cuenta todo eso, el grupo de trabajo de Acci\u00f3n Social de ELA se puso en contacto hace unos meses con los miembros de Izarkom. Tras conocerse y conocer m\u00e1s en profundidad el proyecto, ELA ha tomado la decisi\u00f3n de ser socio de Izarkom. A pesar de que los servicios contratados actualmente est\u00e1n vinculados a otra empresa, las organizaciones hemos puesto en marcha una colaboraci\u00f3n para identificar las necesidades y servicios de telecomunicaciones que tiene el sindicato. Creemos que en el camino hacia la transformaci\u00f3n que se va a dar en los pr\u00f3ximos a\u00f1os puede ser el primer paso de la transici\u00f3n progresiva. De la misma manera, hacemos un llamamiento a la base social del sindicato para conocer Izarkom y ser protagonistas de la transformaci\u00f3n en el camino de la soberan\u00eda de las telecomunicaciones como individuos, para asociarse y colaborar en la difusi\u00f3n del proyecto. El Pa\u00eds Vasco tiene alternativas que es imprescindible aprovechar.     <\/p>\n<p>[\/et_pb_text][\/et_pb_column][\/et_pb_row][\/et_pb_section]<\/p>\n","protected":false},"excerpt":{"rendered":"<p>ELA pone en marcha una colaboraci\u00f3n con Izarkom para impulsar la soberan\u00eda en telecomunicaciones &nbsp; Es sabido que ELA, como agente de una econom\u00eda social transformadora y de soberan\u00eda, act\u00faa [&hellip;]<\/p>\n","protected":false},"author":5,"featured_media":28432,"comment_status":"open","ping_status":"open","sticky":false,"template":"","format":"standard","meta":{"_et_pb_use_builder":"on","_et_pb_old_content":"","_et_gb_content_width":"","footnotes":""},"categories":[60],"tags":[269,128,64,212],"class_list":["post-28433","post","type-post","status-publish","format-standard","has-post-thumbnail","hentry","category-berriak-es-2","tag-alternatiba-es-2","tag-hitzarmena-es","tag-internet-es","tag-telekomunikazioburujabetza-es"],"yoast_head":"<!-- This site is optimized with the Yoast SEO plugin v27.4 - https:\/\/yoast.com\/product\/yoast-seo-wordpress\/ -->\n<title>Internet, un derecho para todos y todas - izarkom<\/title>\n<meta name=\"description\" content=\"ELA pone en marcha una colaboraci\u00f3n con Izarkom para impulsar la soberan\u00eda en telecomunicaciones\" \/>\n<meta name=\"robots\" content=\"index, follow, max-snippet:-1, max-image-preview:large, max-video-preview:-1\" \/>\n<link rel=\"canonical\" href=\"https:\/\/www.izarkom.eus\/es\/internet-un-derecho-para-todos-y-todas\/\" \/>\n<meta property=\"og:locale\" content=\"es_ES\" \/>\n<meta property=\"og:type\" content=\"article\" \/>\n<meta property=\"og:title\" content=\"Internet, un derecho para todos y todas\" \/>\n<meta property=\"og:description\" content=\"ELA pone en marcha una colaboraci\u00f3n con Izarkom para impulsar la soberan\u00eda en telecomunicaciones\" \/>\n<meta property=\"og:url\" content=\"https:\/\/www.izarkom.eus\/es\/internet-un-derecho-para-todos-y-todas\/\" \/>\n<meta property=\"og:site_name\" content=\"izarkom\" \/>\n<meta property=\"article:published_time\" content=\"2024-07-02T09:06:00+00:00\" \/>\n<meta property=\"article:modified_time\" content=\"2026-04-23T09:08:01+00:00\" \/>\n<meta property=\"og:image\" content=\"https:\/\/www.izarkom.eus\/wp-content\/uploads\/2026\/04\/photo_2026-04-23_11-01-43-1024x768.jpg\" \/>\n<meta name=\"author\" content=\"Garaialde(e)ko Gari\" \/>\n<meta name=\"twitter:card\" content=\"summary_large_image\" \/>\n<meta name=\"twitter:label1\" content=\"Escrito por\" \/>\n\t<meta name=\"twitter:data1\" content=\"Garaialde(e)ko Gari\" \/>\n\t<meta name=\"twitter:label2\" content=\"Tiempo de lectura\" \/>\n\t<meta name=\"twitter:data2\" content=\"4 minutos\" \/>\n<script type=\"application\/ld+json\" class=\"yoast-schema-graph\">{\"@context\":\"https:\\\/\\\/schema.org\",\"@graph\":[{\"@type\":\"Article\",\"@id\":\"https:\\\/\\\/www.izarkom.eus\\\/es\\\/internet-un-derecho-para-todos-y-todas\\\/#article\",\"isPartOf\":{\"@id\":\"https:\\\/\\\/www.izarkom.eus\\\/es\\\/internet-un-derecho-para-todos-y-todas\\\/\"},\"author\":{\"name\":\"Garaialde(e)ko Gari\",\"@id\":\"https:\\\/\\\/www.izarkom.eus\\\/#\\\/schema\\\/person\\\/56365137280c1e53dc4fe6bc34d7a976\"},\"headline\":\"Internet, un derecho para todos y todas\",\"datePublished\":\"2024-07-02T09:06:00+00:00\",\"dateModified\":\"2026-04-23T09:08:01+00:00\",\"mainEntityOfPage\":{\"@id\":\"https:\\\/\\\/www.izarkom.eus\\\/es\\\/internet-un-derecho-para-todos-y-todas\\\/\"},\"wordCount\":947,\"commentCount\":0,\"image\":{\"@id\":\"https:\\\/\\\/www.izarkom.eus\\\/es\\\/internet-un-derecho-para-todos-y-todas\\\/#primaryimage\"},\"thumbnailUrl\":\"https:\\\/\\\/www.izarkom.eus\\\/wp-content\\\/uploads\\\/2026\\\/04\\\/photo_2026-04-23_11-01-43.jpg\",\"keywords\":[\"Alternatiba\",\"Hitzarmena\",\"Internet\",\"TelekomunikazioBurujabetza\"],\"articleSection\":[\"Berriak\"],\"inLanguage\":\"es\",\"potentialAction\":[{\"@type\":\"CommentAction\",\"name\":\"Comment\",\"target\":[\"https:\\\/\\\/www.izarkom.eus\\\/es\\\/internet-un-derecho-para-todos-y-todas\\\/#respond\"]}]},{\"@type\":\"WebPage\",\"@id\":\"https:\\\/\\\/www.izarkom.eus\\\/es\\\/internet-un-derecho-para-todos-y-todas\\\/\",\"url\":\"https:\\\/\\\/www.izarkom.eus\\\/es\\\/internet-un-derecho-para-todos-y-todas\\\/\",\"name\":\"Internet, un derecho para todos y todas - izarkom\",\"isPartOf\":{\"@id\":\"https:\\\/\\\/www.izarkom.eus\\\/#website\"},\"primaryImageOfPage\":{\"@id\":\"https:\\\/\\\/www.izarkom.eus\\\/es\\\/internet-un-derecho-para-todos-y-todas\\\/#primaryimage\"},\"image\":{\"@id\":\"https:\\\/\\\/www.izarkom.eus\\\/es\\\/internet-un-derecho-para-todos-y-todas\\\/#primaryimage\"},\"thumbnailUrl\":\"https:\\\/\\\/www.izarkom.eus\\\/wp-content\\\/uploads\\\/2026\\\/04\\\/photo_2026-04-23_11-01-43.jpg\",\"datePublished\":\"2024-07-02T09:06:00+00:00\",\"dateModified\":\"2026-04-23T09:08:01+00:00\",\"author\":{\"@id\":\"https:\\\/\\\/www.izarkom.eus\\\/#\\\/schema\\\/person\\\/56365137280c1e53dc4fe6bc34d7a976\"},\"description\":\"ELA pone en marcha una colaboraci\u00f3n con Izarkom para impulsar la soberan\u00eda en telecomunicaciones\",\"breadcrumb\":{\"@id\":\"https:\\\/\\\/www.izarkom.eus\\\/es\\\/internet-un-derecho-para-todos-y-todas\\\/#breadcrumb\"},\"inLanguage\":\"es\",\"potentialAction\":[{\"@type\":\"ReadAction\",\"target\":[\"https:\\\/\\\/www.izarkom.eus\\\/es\\\/internet-un-derecho-para-todos-y-todas\\\/\"]}]},{\"@type\":\"ImageObject\",\"inLanguage\":\"es\",\"@id\":\"https:\\\/\\\/www.izarkom.eus\\\/es\\\/internet-un-derecho-para-todos-y-todas\\\/#primaryimage\",\"url\":\"https:\\\/\\\/www.izarkom.eus\\\/wp-content\\\/uploads\\\/2026\\\/04\\\/photo_2026-04-23_11-01-43.jpg\",\"contentUrl\":\"https:\\\/\\\/www.izarkom.eus\\\/wp-content\\\/uploads\\\/2026\\\/04\\\/photo_2026-04-23_11-01-43.jpg\",\"width\":1280,\"height\":960},{\"@type\":\"BreadcrumbList\",\"@id\":\"https:\\\/\\\/www.izarkom.eus\\\/es\\\/internet-un-derecho-para-todos-y-todas\\\/#breadcrumb\",\"itemListElement\":[{\"@type\":\"ListItem\",\"position\":1,\"name\":\"Home\",\"item\":\"https:\\\/\\\/www.izarkom.eus\\\/\"},{\"@type\":\"ListItem\",\"position\":2,\"name\":\"Internet, un derecho para todos y todas\"}]},{\"@type\":\"WebSite\",\"@id\":\"https:\\\/\\\/www.izarkom.eus\\\/#website\",\"url\":\"https:\\\/\\\/www.izarkom.eus\\\/\",\"name\":\"izarkom\",\"description\":\"Izarkom, Euskal Herriko telekomunikazio kooperatiba\",\"potentialAction\":[{\"@type\":\"SearchAction\",\"target\":{\"@type\":\"EntryPoint\",\"urlTemplate\":\"https:\\\/\\\/www.izarkom.eus\\\/?s={search_term_string}\"},\"query-input\":{\"@type\":\"PropertyValueSpecification\",\"valueRequired\":true,\"valueName\":\"search_term_string\"}}],\"inLanguage\":\"es\"},{\"@type\":\"Person\",\"@id\":\"https:\\\/\\\/www.izarkom.eus\\\/#\\\/schema\\\/person\\\/56365137280c1e53dc4fe6bc34d7a976\",\"name\":\"Garaialde(e)ko Gari\",\"url\":\"https:\\\/\\\/www.izarkom.eus\\\/es\\\/author\\\/gari-garaialde\\\/\"}]}<\/script>\n<!-- \/ Yoast SEO plugin. -->","yoast_head_json":{"title":"Internet, un derecho para todos y todas - izarkom","description":"ELA pone en marcha una colaboraci\u00f3n con Izarkom para impulsar la soberan\u00eda en telecomunicaciones","robots":{"index":"index","follow":"follow","max-snippet":"max-snippet:-1","max-image-preview":"max-image-preview:large","max-video-preview":"max-video-preview:-1"},"canonical":"https:\/\/www.izarkom.eus\/es\/internet-un-derecho-para-todos-y-todas\/","og_locale":"es_ES","og_type":"article","og_title":"Internet, un derecho para todos y todas","og_description":"ELA pone en marcha una colaboraci\u00f3n con Izarkom para impulsar la soberan\u00eda en telecomunicaciones","og_url":"https:\/\/www.izarkom.eus\/es\/internet-un-derecho-para-todos-y-todas\/","og_site_name":"izarkom","article_published_time":"2024-07-02T09:06:00+00:00","article_modified_time":"2026-04-23T09:08:01+00:00","og_image":[{"url":"https:\/\/www.izarkom.eus\/wp-content\/uploads\/2026\/04\/photo_2026-04-23_11-01-43-1024x768.jpg","type":"","width":"","height":""}],"author":"Garaialde(e)ko Gari","twitter_card":"summary_large_image","twitter_misc":{"Escrito por":"Garaialde(e)ko Gari","Tiempo de lectura":"4 minutos"},"schema":{"@context":"https:\/\/schema.org","@graph":[{"@type":"Article","@id":"https:\/\/www.izarkom.eus\/es\/internet-un-derecho-para-todos-y-todas\/#article","isPartOf":{"@id":"https:\/\/www.izarkom.eus\/es\/internet-un-derecho-para-todos-y-todas\/"},"author":{"name":"Garaialde(e)ko Gari","@id":"https:\/\/www.izarkom.eus\/#\/schema\/person\/56365137280c1e53dc4fe6bc34d7a976"},"headline":"Internet, un derecho para todos y todas","datePublished":"2024-07-02T09:06:00+00:00","dateModified":"2026-04-23T09:08:01+00:00","mainEntityOfPage":{"@id":"https:\/\/www.izarkom.eus\/es\/internet-un-derecho-para-todos-y-todas\/"},"wordCount":947,"commentCount":0,"image":{"@id":"https:\/\/www.izarkom.eus\/es\/internet-un-derecho-para-todos-y-todas\/#primaryimage"},"thumbnailUrl":"https:\/\/www.izarkom.eus\/wp-content\/uploads\/2026\/04\/photo_2026-04-23_11-01-43.jpg","keywords":["Alternatiba","Hitzarmena","Internet","TelekomunikazioBurujabetza"],"articleSection":["Berriak"],"inLanguage":"es","potentialAction":[{"@type":"CommentAction","name":"Comment","target":["https:\/\/www.izarkom.eus\/es\/internet-un-derecho-para-todos-y-todas\/#respond"]}]},{"@type":"WebPage","@id":"https:\/\/www.izarkom.eus\/es\/internet-un-derecho-para-todos-y-todas\/","url":"https:\/\/www.izarkom.eus\/es\/internet-un-derecho-para-todos-y-todas\/","name":"Internet, un derecho para todos y todas - izarkom","isPartOf":{"@id":"https:\/\/www.izarkom.eus\/#website"},"primaryImageOfPage":{"@id":"https:\/\/www.izarkom.eus\/es\/internet-un-derecho-para-todos-y-todas\/#primaryimage"},"image":{"@id":"https:\/\/www.izarkom.eus\/es\/internet-un-derecho-para-todos-y-todas\/#primaryimage"},"thumbnailUrl":"https:\/\/www.izarkom.eus\/wp-content\/uploads\/2026\/04\/photo_2026-04-23_11-01-43.jpg","datePublished":"2024-07-02T09:06:00+00:00","dateModified":"2026-04-23T09:08:01+00:00","author":{"@id":"https:\/\/www.izarkom.eus\/#\/schema\/person\/56365137280c1e53dc4fe6bc34d7a976"},"description":"ELA pone en marcha una colaboraci\u00f3n con Izarkom para impulsar la soberan\u00eda en telecomunicaciones","breadcrumb":{"@id":"https:\/\/www.izarkom.eus\/es\/internet-un-derecho-para-todos-y-todas\/#breadcrumb"},"inLanguage":"es","potentialAction":[{"@type":"ReadAction","target":["https:\/\/www.izarkom.eus\/es\/internet-un-derecho-para-todos-y-todas\/"]}]},{"@type":"ImageObject","inLanguage":"es","@id":"https:\/\/www.izarkom.eus\/es\/internet-un-derecho-para-todos-y-todas\/#primaryimage","url":"https:\/\/www.izarkom.eus\/wp-content\/uploads\/2026\/04\/photo_2026-04-23_11-01-43.jpg","contentUrl":"https:\/\/www.izarkom.eus\/wp-content\/uploads\/2026\/04\/photo_2026-04-23_11-01-43.jpg","width":1280,"height":960},{"@type":"BreadcrumbList","@id":"https:\/\/www.izarkom.eus\/es\/internet-un-derecho-para-todos-y-todas\/#breadcrumb","itemListElement":[{"@type":"ListItem","position":1,"name":"Home","item":"https:\/\/www.izarkom.eus\/"},{"@type":"ListItem","position":2,"name":"Internet, un derecho para todos y todas"}]},{"@type":"WebSite","@id":"https:\/\/www.izarkom.eus\/#website","url":"https:\/\/www.izarkom.eus\/","name":"izarkom","description":"Izarkom, Euskal Herriko telekomunikazio kooperatiba","potentialAction":[{"@type":"SearchAction","target":{"@type":"EntryPoint","urlTemplate":"https:\/\/www.izarkom.eus\/?s={search_term_string}"},"query-input":{"@type":"PropertyValueSpecification","valueRequired":true,"valueName":"search_term_string"}}],"inLanguage":"es"},{"@type":"Person","@id":"https:\/\/www.izarkom.eus\/#\/schema\/person\/56365137280c1e53dc4fe6bc34d7a976","name":"Garaialde(e)ko Gari","url":"https:\/\/www.izarkom.eus\/es\/author\/gari-garaialde\/"}]}},"_links":{"self":[{"href":"https:\/\/www.izarkom.eus\/es\/wp-json\/wp\/v2\/posts\/28433","targetHints":{"allow":["GET"]}}],"collection":[{"href":"https:\/\/www.izarkom.eus\/es\/wp-json\/wp\/v2\/posts"}],"about":[{"href":"https:\/\/www.izarkom.eus\/es\/wp-json\/wp\/v2\/types\/post"}],"author":[{"embeddable":true,"href":"https:\/\/www.izarkom.eus\/es\/wp-json\/wp\/v2\/users\/5"}],"replies":[{"embeddable":true,"href":"https:\/\/www.izarkom.eus\/es\/wp-json\/wp\/v2\/comments?post=28433"}],"version-history":[{"count":4,"href":"https:\/\/www.izarkom.eus\/es\/wp-json\/wp\/v2\/posts\/28433\/revisions"}],"predecessor-version":[{"id":28437,"href":"https:\/\/www.izarkom.eus\/es\/wp-json\/wp\/v2\/posts\/28433\/revisions\/28437"}],"wp:featuredmedia":[{"embeddable":true,"href":"https:\/\/www.izarkom.eus\/es\/wp-json\/wp\/v2\/media\/28432"}],"wp:attachment":[{"href":"https:\/\/www.izarkom.eus\/es\/wp-json\/wp\/v2\/media?parent=28433"}],"wp:term":[{"taxonomy":"category","embeddable":true,"href":"https:\/\/www.izarkom.eus\/es\/wp-json\/wp\/v2\/categories?post=28433"},{"taxonomy":"post_tag","embeddable":true,"href":"https:\/\/www.izarkom.eus\/es\/wp-json\/wp\/v2\/tags?post=28433"}],"curies":[{"name":"wp","href":"https:\/\/api.w.org\/{rel}","templated":true}]}}