{"id":27588,"date":"2026-03-16T10:44:32","date_gmt":"2026-03-16T09:44:32","guid":{"rendered":"https:\/\/www.izarkom.eus\/?p=27588"},"modified":"2026-04-24T08:55:57","modified_gmt":"2026-04-24T06:55:57","slug":"topagunea-26","status":"publish","type":"post","link":"https:\/\/www.izarkom.eus\/es\/topagunea-26\/","title":{"rendered":"Topagunea 26"},"content":{"rendered":"<p>[et_pb_section fb_built=\u00bb1&#8243; _builder_version=\u00bb4.25.1&#8243; background_color=\u00bbRGBA(255,255,255,0)\u00bb da_disable_devices=\u00bboff|off|off\u00bb global_colors_info=\u00bb{}\u00bb da_is_popup=\u00bboff\u00bb da_exit_intent=\u00bboff\u00bb da_has_close=\u00bbon\u00bb da_alt_close=\u00bboff\u00bb da_dark_close=\u00bboff\u00bb da_not_modal=\u00bbon\u00bb da_is_singular=\u00bboff\u00bb da_with_loader=\u00bboff\u00bb da_has_shadow=\u00bbon\u00bb][et_pb_row _builder_version=\u00bb4.22.1&#8243; background_color=\u00bbRGBA(255,255,255,0)\u00bb background_size=\u00bbinitial\u00bb background_position=\u00bbtop_left\u00bb background_repeat=\u00bbrepeat\u00bb width_tablet=\u00bb\u00bb width_phone=\u00bb100%\u00bb width_last_edited=\u00bbon|phone\u00bb global_colors_info=\u00bb{}\u00bb][et_pb_column type=\u00bb4_4&#8243; _builder_version=\u00bb4.22.1&#8243; background_color=\u00bbRGBA(255,255,255,0)\u00bb custom_padding=\u00bb|||\u00bb global_colors_info=\u00bb{}\u00bb custom_padding__hover=\u00bb|||\u00bb][et_pb_text _builder_version=\u00bb4.27.6&#8243; text_font_size=\u00bb16px\u00bb text_line_height=\u00bb1.8em\u00bb header_font_size=\u00bb19px\u00bb header_3_font=\u00bbPoppins|300|||||||\u00bb header_3_font_size=\u00bb20px\u00bb background_color=\u00bbRGBA(255,255,255,0)\u00bb background_size=\u00bbinitial\u00bb background_position=\u00bbtop_left\u00bb background_repeat=\u00bbrepeat\u00bb text_orientation=\u00bbjustified\u00bb custom_padding=\u00bb||0px|||\u00bb hover_enabled=\u00bb0&#8243; global_colors_info=\u00bb{}\u00bb sticky_enabled=\u00bb0&#8243;]<\/p>\n<h2><strong>Izarkom estar\u00e1 en el Gazte Topagunea de Abadi\u00f1o.<\/strong><\/h2>\n<p>&nbsp;<\/p>\n<p>Como venimos haciendo en los \u00faltimos a\u00f1os, un a\u00f1o m\u00e1s Izarkom ha llegado a un acuerdo de colaboraci\u00f3n con la organizaci\u00f3n juvenil ERNAI, con motivo del Gazte Topagunea que se celebrar\u00e1 en Abadi\u00f1o.<\/p>\n<p>El objetivo principal de Izarkom es conseguir a trav\u00e9s de la organizaci\u00f3n social las infraestructuras y servicios que necesitamos como pueblo en el \u00e1mbito de las telecomunicaciones, y avanzar hacia la soberan\u00eda en las telecomunicaciones, y en ese camino, hemos considerado imprescindible compartir el camino con todos aquellos agentes sociales que luchan por la soberan\u00eda en \u00e1mbitos estrat\u00e9gicos para Euskal Herria y que est\u00e1n dispuestos a dar pasos hacia una Euskal Herria libre y soberana.<\/p>\n<p>Seg\u00fan lo acordado con ERNAI, Izarkom ofrecer\u00e1 las infraestructuras y servicios de telecomunicaciones necesarios para la organizaci\u00f3n del Gazte Topagunea y la organizaci\u00f3n juvenil , por su parte , contribuir\u00e1 a socializar las necesidades de soberan\u00eda de las telecomunicaciones.<\/p>\n<p>Para celebrar esta colaboraci\u00f3n sortearemos 2 bonos dobles para Gazte Topagunea entre los socios de Izarkom.<\/p>\n<p>Ainara M. y Asier A. han sido los ganadores de los bonos, Zorionak!!<\/p>\n<p>Nos pondremos en contacto con vosotras por correo.<\/p>\n<p>[\/et_pb_text][\/et_pb_column][\/et_pb_row][\/et_pb_section]<\/p>\n","protected":false},"excerpt":{"rendered":"<p>Izarkom estar\u00e1 en el Gazte Topagunea de Abadi\u00f1o. &nbsp; Como venimos haciendo en los \u00faltimos a\u00f1os, un a\u00f1o m\u00e1s Izarkom ha llegado a un acuerdo de colaboraci\u00f3n con la organizaci\u00f3n [&hellip;]<\/p>\n","protected":false},"author":5,"featured_media":27575,"comment_status":"closed","ping_status":"closed","sticky":false,"template":"","format":"standard","meta":{"_et_pb_use_builder":"on","_et_pb_old_content":"","_et_gb_content_width":"","footnotes":""},"categories":[60],"tags":[128],"class_list":["post-27588","post","type-post","status-publish","format-standard","has-post-thumbnail","hentry","category-berriak-es-2","tag-hitzarmena-es"],"yoast_head":"<!-- This site is optimized with the Yoast SEO plugin v27.5 - https:\/\/yoast.com\/product\/yoast-seo-wordpress\/ -->\n<title>Topagunea 26 - izarkom<\/title>\n<meta name=\"description\" content=\"Como venimos haciendo en los \u00faltimos a\u00f1os, un a\u00f1o m\u00e1s Izarkom ha suscrito un acuerdo de colaboraci\u00f3n con la organizaci\u00f3n ERNAI Gatze.\" \/>\n<meta name=\"robots\" content=\"index, follow, max-snippet:-1, max-image-preview:large, max-video-preview:-1\" \/>\n<link rel=\"canonical\" href=\"https:\/\/www.izarkom.eus\/es\/topagunea-26\/\" \/>\n<meta property=\"og:locale\" content=\"es_ES\" \/>\n<meta property=\"og:type\" content=\"article\" \/>\n<meta property=\"og:title\" content=\"Gazte Topagunerako bonu zozketa\" \/>\n<meta property=\"og:description\" content=\"Sorteamos 2 bonos dobles para Gazte Topagune entre los socios de Izarkom que se inscriban\" \/>\n<meta property=\"og:url\" content=\"https:\/\/www.izarkom.eus\/es\/topagunea-26\/\" \/>\n<meta property=\"og:site_name\" content=\"izarkom\" \/>\n<meta property=\"article:published_time\" content=\"2026-03-16T09:44:32+00:00\" \/>\n<meta property=\"article:modified_time\" content=\"2026-04-24T06:55:57+00:00\" \/>\n<meta property=\"og:image\" content=\"https:\/\/www.izarkom.eus\/wp-content\/uploads\/2026\/03\/Topagune26_01-1024x768.jpg\" \/>\n<meta name=\"author\" content=\"Garaialde(e)ko Gari\" \/>\n<meta name=\"twitter:card\" content=\"summary_large_image\" \/>\n<meta name=\"twitter:label1\" content=\"Escrito por\" \/>\n\t<meta name=\"twitter:data1\" content=\"Garaialde(e)ko Gari\" \/>\n\t<meta name=\"twitter:label2\" content=\"Tiempo de lectura\" \/>\n\t<meta name=\"twitter:data2\" content=\"2 minutos\" \/>\n<script type=\"application\/ld+json\" class=\"yoast-schema-graph\">{\"@context\":\"https:\\\/\\\/schema.org\",\"@graph\":[{\"@type\":\"Article\",\"@id\":\"https:\\\/\\\/www.izarkom.eus\\\/es\\\/topagunea-26\\\/#article\",\"isPartOf\":{\"@id\":\"https:\\\/\\\/www.izarkom.eus\\\/es\\\/topagunea-26\\\/\"},\"author\":{\"name\":\"Garaialde(e)ko Gari\",\"@id\":\"https:\\\/\\\/www.izarkom.eus\\\/#\\\/schema\\\/person\\\/56365137280c1e53dc4fe6bc34d7a976\"},\"headline\":\"Topagunea 26\",\"datePublished\":\"2026-03-16T09:44:32+00:00\",\"dateModified\":\"2026-04-24T06:55:57+00:00\",\"mainEntityOfPage\":{\"@id\":\"https:\\\/\\\/www.izarkom.eus\\\/es\\\/topagunea-26\\\/\"},\"wordCount\":373,\"image\":{\"@id\":\"https:\\\/\\\/www.izarkom.eus\\\/es\\\/topagunea-26\\\/#primaryimage\"},\"thumbnailUrl\":\"https:\\\/\\\/www.izarkom.eus\\\/wp-content\\\/uploads\\\/2026\\\/03\\\/Topagune26_01.jpg\",\"keywords\":[\"Hitzarmena\"],\"articleSection\":[\"Berriak\"],\"inLanguage\":\"es\"},{\"@type\":\"WebPage\",\"@id\":\"https:\\\/\\\/www.izarkom.eus\\\/es\\\/topagunea-26\\\/\",\"url\":\"https:\\\/\\\/www.izarkom.eus\\\/es\\\/topagunea-26\\\/\",\"name\":\"Topagunea 26 - izarkom\",\"isPartOf\":{\"@id\":\"https:\\\/\\\/www.izarkom.eus\\\/#website\"},\"primaryImageOfPage\":{\"@id\":\"https:\\\/\\\/www.izarkom.eus\\\/es\\\/topagunea-26\\\/#primaryimage\"},\"image\":{\"@id\":\"https:\\\/\\\/www.izarkom.eus\\\/es\\\/topagunea-26\\\/#primaryimage\"},\"thumbnailUrl\":\"https:\\\/\\\/www.izarkom.eus\\\/wp-content\\\/uploads\\\/2026\\\/03\\\/Topagune26_01.jpg\",\"datePublished\":\"2026-03-16T09:44:32+00:00\",\"dateModified\":\"2026-04-24T06:55:57+00:00\",\"author\":{\"@id\":\"https:\\\/\\\/www.izarkom.eus\\\/#\\\/schema\\\/person\\\/56365137280c1e53dc4fe6bc34d7a976\"},\"description\":\"Como venimos haciendo en los \u00faltimos a\u00f1os, un a\u00f1o m\u00e1s Izarkom ha suscrito un acuerdo de colaboraci\u00f3n con la organizaci\u00f3n ERNAI Gatze.\",\"breadcrumb\":{\"@id\":\"https:\\\/\\\/www.izarkom.eus\\\/es\\\/topagunea-26\\\/#breadcrumb\"},\"inLanguage\":\"es\",\"potentialAction\":[{\"@type\":\"ReadAction\",\"target\":[\"https:\\\/\\\/www.izarkom.eus\\\/es\\\/topagunea-26\\\/\"]}]},{\"@type\":\"ImageObject\",\"inLanguage\":\"es\",\"@id\":\"https:\\\/\\\/www.izarkom.eus\\\/es\\\/topagunea-26\\\/#primaryimage\",\"url\":\"https:\\\/\\\/www.izarkom.eus\\\/wp-content\\\/uploads\\\/2026\\\/03\\\/Topagune26_01.jpg\",\"contentUrl\":\"https:\\\/\\\/www.izarkom.eus\\\/wp-content\\\/uploads\\\/2026\\\/03\\\/Topagune26_01.jpg\",\"width\":1920,\"height\":1440},{\"@type\":\"BreadcrumbList\",\"@id\":\"https:\\\/\\\/www.izarkom.eus\\\/es\\\/topagunea-26\\\/#breadcrumb\",\"itemListElement\":[{\"@type\":\"ListItem\",\"position\":1,\"name\":\"Home\",\"item\":\"https:\\\/\\\/www.izarkom.eus\\\/\"},{\"@type\":\"ListItem\",\"position\":2,\"name\":\"Topagunea 26\"}]},{\"@type\":\"WebSite\",\"@id\":\"https:\\\/\\\/www.izarkom.eus\\\/#website\",\"url\":\"https:\\\/\\\/www.izarkom.eus\\\/\",\"name\":\"izarkom\",\"description\":\"Izarkom, Euskal Herriko telekomunikazio kooperatiba\",\"potentialAction\":[{\"@type\":\"SearchAction\",\"target\":{\"@type\":\"EntryPoint\",\"urlTemplate\":\"https:\\\/\\\/www.izarkom.eus\\\/?s={search_term_string}\"},\"query-input\":{\"@type\":\"PropertyValueSpecification\",\"valueRequired\":true,\"valueName\":\"search_term_string\"}}],\"inLanguage\":\"es\"},{\"@type\":\"Person\",\"@id\":\"https:\\\/\\\/www.izarkom.eus\\\/#\\\/schema\\\/person\\\/56365137280c1e53dc4fe6bc34d7a976\",\"name\":\"Garaialde(e)ko Gari\",\"url\":\"https:\\\/\\\/www.izarkom.eus\\\/es\\\/author\\\/gari-garaialde\\\/\"}]}<\/script>\n<!-- \/ Yoast SEO plugin. -->","yoast_head_json":{"title":"Topagunea 26 - izarkom","description":"Como venimos haciendo en los \u00faltimos a\u00f1os, un a\u00f1o m\u00e1s Izarkom ha suscrito un acuerdo de colaboraci\u00f3n con la organizaci\u00f3n ERNAI Gatze.","robots":{"index":"index","follow":"follow","max-snippet":"max-snippet:-1","max-image-preview":"max-image-preview:large","max-video-preview":"max-video-preview:-1"},"canonical":"https:\/\/www.izarkom.eus\/es\/topagunea-26\/","og_locale":"es_ES","og_type":"article","og_title":"Gazte Topagunerako bonu zozketa","og_description":"Sorteamos 2 bonos dobles para Gazte Topagune entre los socios de Izarkom que se inscriban","og_url":"https:\/\/www.izarkom.eus\/es\/topagunea-26\/","og_site_name":"izarkom","article_published_time":"2026-03-16T09:44:32+00:00","article_modified_time":"2026-04-24T06:55:57+00:00","og_image":[{"url":"https:\/\/www.izarkom.eus\/wp-content\/uploads\/2026\/03\/Topagune26_01-1024x768.jpg","type":"","width":"","height":""}],"author":"Garaialde(e)ko Gari","twitter_card":"summary_large_image","twitter_misc":{"Escrito por":"Garaialde(e)ko Gari","Tiempo de lectura":"2 minutos"},"schema":{"@context":"https:\/\/schema.org","@graph":[{"@type":"Article","@id":"https:\/\/www.izarkom.eus\/es\/topagunea-26\/#article","isPartOf":{"@id":"https:\/\/www.izarkom.eus\/es\/topagunea-26\/"},"author":{"name":"Garaialde(e)ko Gari","@id":"https:\/\/www.izarkom.eus\/#\/schema\/person\/56365137280c1e53dc4fe6bc34d7a976"},"headline":"Topagunea 26","datePublished":"2026-03-16T09:44:32+00:00","dateModified":"2026-04-24T06:55:57+00:00","mainEntityOfPage":{"@id":"https:\/\/www.izarkom.eus\/es\/topagunea-26\/"},"wordCount":373,"image":{"@id":"https:\/\/www.izarkom.eus\/es\/topagunea-26\/#primaryimage"},"thumbnailUrl":"https:\/\/www.izarkom.eus\/wp-content\/uploads\/2026\/03\/Topagune26_01.jpg","keywords":["Hitzarmena"],"articleSection":["Berriak"],"inLanguage":"es"},{"@type":"WebPage","@id":"https:\/\/www.izarkom.eus\/es\/topagunea-26\/","url":"https:\/\/www.izarkom.eus\/es\/topagunea-26\/","name":"Topagunea 26 - izarkom","isPartOf":{"@id":"https:\/\/www.izarkom.eus\/#website"},"primaryImageOfPage":{"@id":"https:\/\/www.izarkom.eus\/es\/topagunea-26\/#primaryimage"},"image":{"@id":"https:\/\/www.izarkom.eus\/es\/topagunea-26\/#primaryimage"},"thumbnailUrl":"https:\/\/www.izarkom.eus\/wp-content\/uploads\/2026\/03\/Topagune26_01.jpg","datePublished":"2026-03-16T09:44:32+00:00","dateModified":"2026-04-24T06:55:57+00:00","author":{"@id":"https:\/\/www.izarkom.eus\/#\/schema\/person\/56365137280c1e53dc4fe6bc34d7a976"},"description":"Como venimos haciendo en los \u00faltimos a\u00f1os, un a\u00f1o m\u00e1s Izarkom ha suscrito un acuerdo de colaboraci\u00f3n con la organizaci\u00f3n ERNAI Gatze.","breadcrumb":{"@id":"https:\/\/www.izarkom.eus\/es\/topagunea-26\/#breadcrumb"},"inLanguage":"es","potentialAction":[{"@type":"ReadAction","target":["https:\/\/www.izarkom.eus\/es\/topagunea-26\/"]}]},{"@type":"ImageObject","inLanguage":"es","@id":"https:\/\/www.izarkom.eus\/es\/topagunea-26\/#primaryimage","url":"https:\/\/www.izarkom.eus\/wp-content\/uploads\/2026\/03\/Topagune26_01.jpg","contentUrl":"https:\/\/www.izarkom.eus\/wp-content\/uploads\/2026\/03\/Topagune26_01.jpg","width":1920,"height":1440},{"@type":"BreadcrumbList","@id":"https:\/\/www.izarkom.eus\/es\/topagunea-26\/#breadcrumb","itemListElement":[{"@type":"ListItem","position":1,"name":"Home","item":"https:\/\/www.izarkom.eus\/"},{"@type":"ListItem","position":2,"name":"Topagunea 26"}]},{"@type":"WebSite","@id":"https:\/\/www.izarkom.eus\/#website","url":"https:\/\/www.izarkom.eus\/","name":"izarkom","description":"Izarkom, Euskal Herriko telekomunikazio kooperatiba","potentialAction":[{"@type":"SearchAction","target":{"@type":"EntryPoint","urlTemplate":"https:\/\/www.izarkom.eus\/?s={search_term_string}"},"query-input":{"@type":"PropertyValueSpecification","valueRequired":true,"valueName":"search_term_string"}}],"inLanguage":"es"},{"@type":"Person","@id":"https:\/\/www.izarkom.eus\/#\/schema\/person\/56365137280c1e53dc4fe6bc34d7a976","name":"Garaialde(e)ko Gari","url":"https:\/\/www.izarkom.eus\/es\/author\/gari-garaialde\/"}]}},"_links":{"self":[{"href":"https:\/\/www.izarkom.eus\/es\/wp-json\/wp\/v2\/posts\/27588","targetHints":{"allow":["GET"]}}],"collection":[{"href":"https:\/\/www.izarkom.eus\/es\/wp-json\/wp\/v2\/posts"}],"about":[{"href":"https:\/\/www.izarkom.eus\/es\/wp-json\/wp\/v2\/types\/post"}],"author":[{"embeddable":true,"href":"https:\/\/www.izarkom.eus\/es\/wp-json\/wp\/v2\/users\/5"}],"replies":[{"embeddable":true,"href":"https:\/\/www.izarkom.eus\/es\/wp-json\/wp\/v2\/comments?post=27588"}],"version-history":[{"count":5,"href":"https:\/\/www.izarkom.eus\/es\/wp-json\/wp\/v2\/posts\/27588\/revisions"}],"predecessor-version":[{"id":28446,"href":"https:\/\/www.izarkom.eus\/es\/wp-json\/wp\/v2\/posts\/27588\/revisions\/28446"}],"wp:featuredmedia":[{"embeddable":true,"href":"https:\/\/www.izarkom.eus\/es\/wp-json\/wp\/v2\/media\/27575"}],"wp:attachment":[{"href":"https:\/\/www.izarkom.eus\/es\/wp-json\/wp\/v2\/media?parent=27588"}],"wp:term":[{"taxonomy":"category","embeddable":true,"href":"https:\/\/www.izarkom.eus\/es\/wp-json\/wp\/v2\/categories?post=27588"},{"taxonomy":"post_tag","embeddable":true,"href":"https:\/\/www.izarkom.eus\/es\/wp-json\/wp\/v2\/tags?post=27588"}],"curies":[{"name":"wp","href":"https:\/\/api.w.org\/{rel}","templated":true}]}}