{"id":27130,"date":"2026-01-30T11:54:40","date_gmt":"2026-01-30T10:54:40","guid":{"rendered":"https:\/\/www.izarkom.eus\/korrika-24\/"},"modified":"2026-03-10T12:36:10","modified_gmt":"2026-03-10T11:36:10","slug":"korrika-24","status":"publish","type":"post","link":"https:\/\/www.izarkom.eus\/es\/korrika-24\/","title":{"rendered":"Korrika 24"},"content":{"rendered":"<p>[et_pb_section fb_built=\u00bb1&#8243; _builder_version=\u00bb4.25.1&#8243; background_color=\u00bbRGBA(255,255,255,0)\u00bb custom_margin=\u00bb50px||||false|false\u00bb da_disable_devices=\u00bboff|off|off\u00bb global_colors_info=\u00bb{}\u00bb da_is_popup=\u00bboff\u00bb da_exit_intent=\u00bboff\u00bb da_has_close=\u00bbon\u00bb da_alt_close=\u00bboff\u00bb da_dark_close=\u00bboff\u00bb da_not_modal=\u00bbon\u00bb da_is_singular=\u00bboff\u00bb da_with_loader=\u00bboff\u00bb da_has_shadow=\u00bbon\u00bb][et_pb_row _builder_version=\u00bb4.25.1&#8243; background_color=\u00bbRGBA(255,255,255,0)\u00bb background_size=\u00bbinitial\u00bb background_position=\u00bbtop_left\u00bb background_repeat=\u00bbrepeat\u00bb width_tablet=\u00bb\u00bb width_phone=\u00bb100%\u00bb width_last_edited=\u00bbon|phone\u00bb custom_margin=\u00bb||||false|false\u00bb global_colors_info=\u00bb{}\u00bb][et_pb_column type=\u00bb4_4&#8243; _builder_version=\u00bb4.25.1&#8243; background_color=\u00bbRGBA(255,255,255,0)\u00bb custom_padding=\u00bb0px||||false|false\u00bb global_colors_info=\u00bb{}\u00bb custom_padding__hover=\u00bb|||\u00bb][et_pb_image src=\u00bbhttps:\/\/www.izarkom.eus\/wp-content\/uploads\/2026\/01\/GG2601300007_2-scaled.jpg\u00bb title_text=\u00bb. (Basque Country) January 30, 2026. (Gari Garaialde \/ Bostok Photo)\u00bb _builder_version=\u00bb4.25.1&#8243; _module_preset=\u00bbdefault\u00bb global_colors_info=\u00bb{}\u00bb][\/et_pb_image][et_pb_text _builder_version=\u00bb4.25.1&#8243; text_font_size=\u00bb16px\u00bb text_line_height=\u00bb1.8em\u00bb header_font_size=\u00bb19px\u00bb header_3_font=\u00bbPoppins|300|||||||\u00bb header_3_font_size=\u00bb20px\u00bb background_color=\u00bbRGBA(255,255,255,0)\u00bb background_size=\u00bbinitial\u00bb background_position=\u00bbtop_left\u00bb background_repeat=\u00bbrepeat\u00bb text_orientation=\u00bbjustified\u00bb custom_margin=\u00bb35px||||false|false\u00bb global_colors_info=\u00bb{}\u00bb]<\/p>\n<h2>KORRIKA badator!<\/h2>\n<p>[\/et_pb_text][et_pb_text _builder_version=\u00bb4.27.6&#8243; text_font_size=\u00bb16px\u00bb text_line_height=\u00bb1.8em\u00bb header_font_size=\u00bb19px\u00bb header_3_font=\u00bbPoppins|300|||||||\u00bb header_3_font_size=\u00bb20px\u00bb background_color=\u00bbRGBA(255,255,255,0)\u00bb background_size=\u00bbinitial\u00bb background_position=\u00bbtop_left\u00bb background_repeat=\u00bbrepeat\u00bb text_orientation=\u00bbjustified\u00bb custom_margin=\u00bb35px||||false|false\u00bb global_colors_info=\u00bb{}\u00bb]<\/p>\n<p align=\"justify\"><strong>La 24\u00aa edici\u00f3n de Korrika ya est\u00e1 aqu\u00ed<\/strong>. Es una de las iniciativas m\u00e1s importantes y queridas a favor del euskera. <strong>Desde el 19 de marzo de 2026<\/strong>, 11 d\u00edas y 10 noches, sin parar, miles de personas recorreremos toda Euskal Herria con el objetivo de fomentar la conciencia a favor del euskera y recaudar fondos a favor de AEK.<\/p>\n<p><\/p>\n<p align=\"justify\"><strong>Dentro de la soberan\u00eda de las telecomunicaciones, el euskera es uno de nuestros principales ejes<\/strong>. Desde la atenci\u00f3n hasta el servicio t\u00e9cnico trabajamos para garantizar los derechos ling\u00fc\u00edsticos. En ese camino y para seguir dando pasos firmes, hemos ratificado el convenio de colaboraci\u00f3n con Korrika.<\/p>\n<p><\/p>\n<p align=\"justify\">Adem\u00e1s de apoyar econ\u00f3micamente la iniciativa, <strong>tomaremos parte en los kil\u00f3metros de Irun, Bilbo e Iru\u00f1ea<\/strong>; correremos junto a la cooperativa Goiener, de la que somos compa\u00f1eras de viaje en Iru\u00f1ea. Adem\u00e1s, Izarkom permitir\u00e1 toda la infraestructura de internet que KORRIKA necesita para organizar las fiestas de principio y fin en Atharratze y Bilbo respectivamente.<\/p>\n<p><\/p>\n<p align=\"justify\">Tambi\u00e9n <strong>emitiremos en directo, noche y d\u00eda, im\u00e1genes de la Korrika<\/strong> a trav\u00e9s de la TV online Begizta que arranc\u00f3 este a\u00f1o.<\/p>\n<p><\/p>\n<p><strong>Estos son los kil\u00f3metros que ha cogido Izarkom:<\/strong><\/p>\n<p><\/p>\n<p><strong>PAMPLONA (JUNTO A GOIENER)<\/strong> &gt; 26\/03\/22 &gt; 772km &gt; 14:24 (13:30 en la oficina)<br \/><strong>IRUN<\/strong> &gt; 26\/03\/24 &gt; 1313km &gt; 05:02 (04:30 en la oficina)<br \/><strong>BILBAO<\/strong> &gt; 29\/03\/2026 &gt; 3387km &gt; 9:50 (9:30 en la oficina)<\/p>\n<p><\/p>\n<p>Creemos que participar en la feria puede ser enriquecedor, ya que es una oportunidad para compartir vuestras opiniones y experiencias con las personas interesadas en el proyecto, por lo que hemos organizado turnos de 2 horas para que est\u00e9is presentes.<\/p>\n<p><\/p>\n<p>Por eso, quienes est\u00e9is dispuestos a compartir con nosotros una peque\u00f1a parte de vuestro tiempo, os pedimos que rellen\u00e9is el siguiente cuestionario. All\u00ed tendr\u00e9is la oportunidad de expresar vuestra disponibilidad.<\/p>\n<p><\/p>\n<p>\u00a1Animaros, os necesitamos para difundir el proyecto!<\/p>\n<p>[\/et_pb_text][et_pb_button button_url=\u00bbhttps:\/\/biltegia.izarkom.eus\/apps\/polls\/s\/n5EZcHKwKJV8wutK\u00bb url_new_window=\u00bbon\u00bb button_text=\u00bbVEN CON NOSOTR@S A LA AZOKA\u00bb _builder_version=\u00bb4.27.6&#8243; _module_preset=\u00bbdefault\u00bb hover_enabled=\u00bb0&#8243; global_colors_info=\u00bb{}\u00bb button_alignment=\u00bbcenter\u00bb custom_button=\u00bbon\u00bb button_text_color=\u00bb#FFFFFF\u00bb button_bg_color=\u00bb#BA0533&#8243; button_bg_enable_color=\u00bbon\u00bb sticky_enabled=\u00bb0&#8243;][\/et_pb_button][et_pb_text _builder_version=\u00bb4.27.6&#8243; text_font_size=\u00bb16px\u00bb text_line_height=\u00bb1.8em\u00bb header_font_size=\u00bb19px\u00bb header_3_font=\u00bbPoppins|300|||||||\u00bb header_3_font_size=\u00bb20px\u00bb background_color=\u00bbRGBA(255,255,255,0)\u00bb background_size=\u00bbinitial\u00bb background_position=\u00bbtop_left\u00bb background_repeat=\u00bbrepeat\u00bb text_orientation=\u00bbjustified\u00bb custom_margin=\u00bb35px||||false|false\u00bb global_colors_info=\u00bb{}\u00bb]<\/p>\n<p>&nbsp;<\/p>\n<p><\/p>\n<p align=\"justify\">Este a\u00f1o <strong>retransmitiremos en directo, d\u00eda y noche, las im\u00e1genes de la Korrika<\/strong> a trav\u00e9s de la TB online <a href=\"https:\/\/www.izarkom.eus\/es\/begizta\/\">Begizta<\/a>\u00a0que lanz\u00f3 Izarkom.<\/p>\n<p>[\/et_pb_text][\/et_pb_column][\/et_pb_row][\/et_pb_section]<\/p>\n","protected":false},"excerpt":{"rendered":"<p>Comenzando el 19 de marzo de 2026, durante 11 d\u00edas y 10 noches, sin parar, miles de personas recorreremos toda Euskal Herria para fomentar la conciencia a favor del euskera y recaudar fondos a favor de AEK.<\/p>\n","protected":false},"author":5,"featured_media":27121,"comment_status":"closed","ping_status":"closed","sticky":false,"template":"","format":"standard","meta":{"_et_pb_use_builder":"on","_et_pb_old_content":"","_et_gb_content_width":"","footnotes":""},"categories":[60],"tags":[128],"class_list":["post-27130","post","type-post","status-publish","format-standard","has-post-thumbnail","hentry","category-berriak-es-2","tag-hitzarmena-es"],"yoast_head":"<!-- This site is optimized with the Yoast SEO plugin v27.5 - https:\/\/yoast.com\/product\/yoast-seo-wordpress\/ -->\n<title>Korrika 24 - izarkom<\/title>\n<meta name=\"description\" content=\"Desde el 19 de marzo de 2026, 11 d\u00edas y 10 noches, sin parar, miles de personas recorreremos toda Euskal Herria con el objetivo de fomentar la conciencia a favor del euskera.\" \/>\n<meta name=\"robots\" content=\"index, follow, max-snippet:-1, max-image-preview:large, max-video-preview:-1\" \/>\n<link rel=\"canonical\" href=\"https:\/\/www.izarkom.eus\/korrika-24\/\" \/>\n<meta property=\"og:locale\" content=\"es_ES\" \/>\n<meta property=\"og:type\" content=\"article\" \/>\n<meta property=\"og:title\" content=\"Korrika 24 - izarkom\" \/>\n<meta property=\"og:description\" content=\"Desde el 19 de marzo de 2026, 11 d\u00edas y 10 noches, sin parar, miles de personas recorreremos toda Euskal Herria con el objetivo de fomentar la conciencia a favor del euskera.\" \/>\n<meta property=\"og:url\" content=\"https:\/\/www.izarkom.eus\/korrika-24\/\" \/>\n<meta property=\"og:site_name\" content=\"izarkom\" \/>\n<meta property=\"article:published_time\" content=\"2026-01-30T10:54:40+00:00\" \/>\n<meta property=\"article:modified_time\" content=\"2026-03-10T11:36:10+00:00\" \/>\n<meta property=\"og:image\" content=\"https:\/\/www.izarkom.eus\/wp-content\/uploads\/2026\/01\/GG2601300007_2-scaled.jpg\" \/>\n\t<meta property=\"og:image:width\" content=\"2560\" \/>\n\t<meta property=\"og:image:height\" content=\"1707\" \/>\n\t<meta property=\"og:image:type\" content=\"image\/jpeg\" \/>\n<meta name=\"author\" content=\"Garaialde(e)ko Gari\" \/>\n<meta name=\"twitter:card\" content=\"summary_large_image\" \/>\n<meta name=\"twitter:label1\" content=\"Escrito por\" \/>\n\t<meta name=\"twitter:data1\" content=\"Garaialde(e)ko Gari\" \/>\n\t<meta name=\"twitter:label2\" content=\"Tiempo de lectura\" \/>\n\t<meta name=\"twitter:data2\" content=\"4 minutos\" \/>\n<script type=\"application\/ld+json\" class=\"yoast-schema-graph\">{\"@context\":\"https:\\\/\\\/schema.org\",\"@graph\":[{\"@type\":\"Article\",\"@id\":\"https:\\\/\\\/www.izarkom.eus\\\/korrika-24\\\/#article\",\"isPartOf\":{\"@id\":\"https:\\\/\\\/www.izarkom.eus\\\/korrika-24\\\/\"},\"author\":{\"name\":\"Garaialde(e)ko Gari\",\"@id\":\"https:\\\/\\\/www.izarkom.eus\\\/#\\\/schema\\\/person\\\/56365137280c1e53dc4fe6bc34d7a976\"},\"headline\":\"Korrika 24\",\"datePublished\":\"2026-01-30T10:54:40+00:00\",\"dateModified\":\"2026-03-10T11:36:10+00:00\",\"mainEntityOfPage\":{\"@id\":\"https:\\\/\\\/www.izarkom.eus\\\/korrika-24\\\/\"},\"wordCount\":716,\"image\":{\"@id\":\"https:\\\/\\\/www.izarkom.eus\\\/korrika-24\\\/#primaryimage\"},\"thumbnailUrl\":\"https:\\\/\\\/www.izarkom.eus\\\/wp-content\\\/uploads\\\/2026\\\/01\\\/GG2601300007_2-scaled.jpg\",\"keywords\":[\"Hitzarmena\"],\"articleSection\":[\"Berriak\"],\"inLanguage\":\"es\"},{\"@type\":\"WebPage\",\"@id\":\"https:\\\/\\\/www.izarkom.eus\\\/korrika-24\\\/\",\"url\":\"https:\\\/\\\/www.izarkom.eus\\\/korrika-24\\\/\",\"name\":\"Korrika 24 - izarkom\",\"isPartOf\":{\"@id\":\"https:\\\/\\\/www.izarkom.eus\\\/#website\"},\"primaryImageOfPage\":{\"@id\":\"https:\\\/\\\/www.izarkom.eus\\\/korrika-24\\\/#primaryimage\"},\"image\":{\"@id\":\"https:\\\/\\\/www.izarkom.eus\\\/korrika-24\\\/#primaryimage\"},\"thumbnailUrl\":\"https:\\\/\\\/www.izarkom.eus\\\/wp-content\\\/uploads\\\/2026\\\/01\\\/GG2601300007_2-scaled.jpg\",\"datePublished\":\"2026-01-30T10:54:40+00:00\",\"dateModified\":\"2026-03-10T11:36:10+00:00\",\"author\":{\"@id\":\"https:\\\/\\\/www.izarkom.eus\\\/#\\\/schema\\\/person\\\/56365137280c1e53dc4fe6bc34d7a976\"},\"description\":\"Desde el 19 de marzo de 2026, 11 d\u00edas y 10 noches, sin parar, miles de personas recorreremos toda Euskal Herria con el objetivo de fomentar la conciencia a favor del euskera.\",\"breadcrumb\":{\"@id\":\"https:\\\/\\\/www.izarkom.eus\\\/korrika-24\\\/#breadcrumb\"},\"inLanguage\":\"es\",\"potentialAction\":[{\"@type\":\"ReadAction\",\"target\":[\"https:\\\/\\\/www.izarkom.eus\\\/korrika-24\\\/\"]}]},{\"@type\":\"ImageObject\",\"inLanguage\":\"es\",\"@id\":\"https:\\\/\\\/www.izarkom.eus\\\/korrika-24\\\/#primaryimage\",\"url\":\"https:\\\/\\\/www.izarkom.eus\\\/wp-content\\\/uploads\\\/2026\\\/01\\\/GG2601300007_2-scaled.jpg\",\"contentUrl\":\"https:\\\/\\\/www.izarkom.eus\\\/wp-content\\\/uploads\\\/2026\\\/01\\\/GG2601300007_2-scaled.jpg\",\"width\":2560,\"height\":1707,\"caption\":\". (Basque Country) January 30, 2026. (Gari Garaialde \\\/ Bostok Photo)\"},{\"@type\":\"BreadcrumbList\",\"@id\":\"https:\\\/\\\/www.izarkom.eus\\\/korrika-24\\\/#breadcrumb\",\"itemListElement\":[{\"@type\":\"ListItem\",\"position\":1,\"name\":\"Home\",\"item\":\"https:\\\/\\\/www.izarkom.eus\\\/\"},{\"@type\":\"ListItem\",\"position\":2,\"name\":\"Korrika 24\"}]},{\"@type\":\"WebSite\",\"@id\":\"https:\\\/\\\/www.izarkom.eus\\\/#website\",\"url\":\"https:\\\/\\\/www.izarkom.eus\\\/\",\"name\":\"izarkom\",\"description\":\"Izarkom, Euskal Herriko telekomunikazio kooperatiba\",\"potentialAction\":[{\"@type\":\"SearchAction\",\"target\":{\"@type\":\"EntryPoint\",\"urlTemplate\":\"https:\\\/\\\/www.izarkom.eus\\\/?s={search_term_string}\"},\"query-input\":{\"@type\":\"PropertyValueSpecification\",\"valueRequired\":true,\"valueName\":\"search_term_string\"}}],\"inLanguage\":\"es\"},{\"@type\":\"Person\",\"@id\":\"https:\\\/\\\/www.izarkom.eus\\\/#\\\/schema\\\/person\\\/56365137280c1e53dc4fe6bc34d7a976\",\"name\":\"Garaialde(e)ko Gari\",\"url\":\"https:\\\/\\\/www.izarkom.eus\\\/es\\\/author\\\/gari-garaialde\\\/\"}]}<\/script>\n<!-- \/ Yoast SEO plugin. -->","yoast_head_json":{"title":"Korrika 24 - izarkom","description":"Desde el 19 de marzo de 2026, 11 d\u00edas y 10 noches, sin parar, miles de personas recorreremos toda Euskal Herria con el objetivo de fomentar la conciencia a favor del euskera.","robots":{"index":"index","follow":"follow","max-snippet":"max-snippet:-1","max-image-preview":"max-image-preview:large","max-video-preview":"max-video-preview:-1"},"canonical":"https:\/\/www.izarkom.eus\/korrika-24\/","og_locale":"es_ES","og_type":"article","og_title":"Korrika 24 - izarkom","og_description":"Desde el 19 de marzo de 2026, 11 d\u00edas y 10 noches, sin parar, miles de personas recorreremos toda Euskal Herria con el objetivo de fomentar la conciencia a favor del euskera.","og_url":"https:\/\/www.izarkom.eus\/korrika-24\/","og_site_name":"izarkom","article_published_time":"2026-01-30T10:54:40+00:00","article_modified_time":"2026-03-10T11:36:10+00:00","og_image":[{"width":2560,"height":1707,"url":"https:\/\/www.izarkom.eus\/wp-content\/uploads\/2026\/01\/GG2601300007_2-scaled.jpg","type":"image\/jpeg"}],"author":"Garaialde(e)ko Gari","twitter_card":"summary_large_image","twitter_misc":{"Escrito por":"Garaialde(e)ko Gari","Tiempo de lectura":"4 minutos"},"schema":{"@context":"https:\/\/schema.org","@graph":[{"@type":"Article","@id":"https:\/\/www.izarkom.eus\/korrika-24\/#article","isPartOf":{"@id":"https:\/\/www.izarkom.eus\/korrika-24\/"},"author":{"name":"Garaialde(e)ko Gari","@id":"https:\/\/www.izarkom.eus\/#\/schema\/person\/56365137280c1e53dc4fe6bc34d7a976"},"headline":"Korrika 24","datePublished":"2026-01-30T10:54:40+00:00","dateModified":"2026-03-10T11:36:10+00:00","mainEntityOfPage":{"@id":"https:\/\/www.izarkom.eus\/korrika-24\/"},"wordCount":716,"image":{"@id":"https:\/\/www.izarkom.eus\/korrika-24\/#primaryimage"},"thumbnailUrl":"https:\/\/www.izarkom.eus\/wp-content\/uploads\/2026\/01\/GG2601300007_2-scaled.jpg","keywords":["Hitzarmena"],"articleSection":["Berriak"],"inLanguage":"es"},{"@type":"WebPage","@id":"https:\/\/www.izarkom.eus\/korrika-24\/","url":"https:\/\/www.izarkom.eus\/korrika-24\/","name":"Korrika 24 - izarkom","isPartOf":{"@id":"https:\/\/www.izarkom.eus\/#website"},"primaryImageOfPage":{"@id":"https:\/\/www.izarkom.eus\/korrika-24\/#primaryimage"},"image":{"@id":"https:\/\/www.izarkom.eus\/korrika-24\/#primaryimage"},"thumbnailUrl":"https:\/\/www.izarkom.eus\/wp-content\/uploads\/2026\/01\/GG2601300007_2-scaled.jpg","datePublished":"2026-01-30T10:54:40+00:00","dateModified":"2026-03-10T11:36:10+00:00","author":{"@id":"https:\/\/www.izarkom.eus\/#\/schema\/person\/56365137280c1e53dc4fe6bc34d7a976"},"description":"Desde el 19 de marzo de 2026, 11 d\u00edas y 10 noches, sin parar, miles de personas recorreremos toda Euskal Herria con el objetivo de fomentar la conciencia a favor del euskera.","breadcrumb":{"@id":"https:\/\/www.izarkom.eus\/korrika-24\/#breadcrumb"},"inLanguage":"es","potentialAction":[{"@type":"ReadAction","target":["https:\/\/www.izarkom.eus\/korrika-24\/"]}]},{"@type":"ImageObject","inLanguage":"es","@id":"https:\/\/www.izarkom.eus\/korrika-24\/#primaryimage","url":"https:\/\/www.izarkom.eus\/wp-content\/uploads\/2026\/01\/GG2601300007_2-scaled.jpg","contentUrl":"https:\/\/www.izarkom.eus\/wp-content\/uploads\/2026\/01\/GG2601300007_2-scaled.jpg","width":2560,"height":1707,"caption":". (Basque Country) January 30, 2026. (Gari Garaialde \/ Bostok Photo)"},{"@type":"BreadcrumbList","@id":"https:\/\/www.izarkom.eus\/korrika-24\/#breadcrumb","itemListElement":[{"@type":"ListItem","position":1,"name":"Home","item":"https:\/\/www.izarkom.eus\/"},{"@type":"ListItem","position":2,"name":"Korrika 24"}]},{"@type":"WebSite","@id":"https:\/\/www.izarkom.eus\/#website","url":"https:\/\/www.izarkom.eus\/","name":"izarkom","description":"Izarkom, Euskal Herriko telekomunikazio kooperatiba","potentialAction":[{"@type":"SearchAction","target":{"@type":"EntryPoint","urlTemplate":"https:\/\/www.izarkom.eus\/?s={search_term_string}"},"query-input":{"@type":"PropertyValueSpecification","valueRequired":true,"valueName":"search_term_string"}}],"inLanguage":"es"},{"@type":"Person","@id":"https:\/\/www.izarkom.eus\/#\/schema\/person\/56365137280c1e53dc4fe6bc34d7a976","name":"Garaialde(e)ko Gari","url":"https:\/\/www.izarkom.eus\/es\/author\/gari-garaialde\/"}]}},"_links":{"self":[{"href":"https:\/\/www.izarkom.eus\/es\/wp-json\/wp\/v2\/posts\/27130","targetHints":{"allow":["GET"]}}],"collection":[{"href":"https:\/\/www.izarkom.eus\/es\/wp-json\/wp\/v2\/posts"}],"about":[{"href":"https:\/\/www.izarkom.eus\/es\/wp-json\/wp\/v2\/types\/post"}],"author":[{"embeddable":true,"href":"https:\/\/www.izarkom.eus\/es\/wp-json\/wp\/v2\/users\/5"}],"replies":[{"embeddable":true,"href":"https:\/\/www.izarkom.eus\/es\/wp-json\/wp\/v2\/comments?post=27130"}],"version-history":[{"count":5,"href":"https:\/\/www.izarkom.eus\/es\/wp-json\/wp\/v2\/posts\/27130\/revisions"}],"predecessor-version":[{"id":27501,"href":"https:\/\/www.izarkom.eus\/es\/wp-json\/wp\/v2\/posts\/27130\/revisions\/27501"}],"wp:featuredmedia":[{"embeddable":true,"href":"https:\/\/www.izarkom.eus\/es\/wp-json\/wp\/v2\/media\/27121"}],"wp:attachment":[{"href":"https:\/\/www.izarkom.eus\/es\/wp-json\/wp\/v2\/media?parent=27130"}],"wp:term":[{"taxonomy":"category","embeddable":true,"href":"https:\/\/www.izarkom.eus\/es\/wp-json\/wp\/v2\/categories?post=27130"},{"taxonomy":"post_tag","embeddable":true,"href":"https:\/\/www.izarkom.eus\/es\/wp-json\/wp\/v2\/tags?post=27130"}],"curies":[{"name":"wp","href":"https:\/\/api.w.org\/{rel}","templated":true}]}}