{"id":27066,"date":"2026-01-26T13:02:10","date_gmt":"2026-01-26T12:02:10","guid":{"rendered":"https:\/\/www.izarkom.eus\/hemos-unidos-nuestras-fuerzas-para-abrir-nueva-oficina-en-irunea\/"},"modified":"2026-04-24T08:57:17","modified_gmt":"2026-04-24T06:57:17","slug":"hemos-unidos-nuestras-fuerzas-para-abrir-nueva-oficina-en-irunea","status":"publish","type":"post","link":"https:\/\/www.izarkom.eus\/es\/hemos-unidos-nuestras-fuerzas-para-abrir-nueva-oficina-en-irunea\/","title":{"rendered":"Hemos unidos nuestras fuerzas para abrir nueva oficina en #Iru\u00f1ea."},"content":{"rendered":"<p>[et_pb_section fb_built=\u00bb1&#8243; _builder_version=\u00bb4.25.1&#8243; background_color=\u00bbRGBA(255,255,255,0)\u00bb custom_margin=\u00bb60px||||false|false\u00bb da_disable_devices=\u00bboff|off|off\u00bb global_colors_info=\u00bb{}\u00bb da_is_popup=\u00bboff\u00bb da_exit_intent=\u00bboff\u00bb da_has_close=\u00bbon\u00bb da_alt_close=\u00bboff\u00bb da_dark_close=\u00bboff\u00bb da_not_modal=\u00bbon\u00bb da_is_singular=\u00bboff\u00bb da_with_loader=\u00bboff\u00bb da_has_shadow=\u00bbon\u00bb][et_pb_row _builder_version=\u00bb4.25.1&#8243; background_color=\u00bbRGBA(255,255,255,0)\u00bb background_size=\u00bbinitial\u00bb background_position=\u00bbtop_left\u00bb background_repeat=\u00bbrepeat\u00bb width_tablet=\u00bb\u00bb width_phone=\u00bb100%\u00bb width_last_edited=\u00bbon|phone\u00bb custom_margin=\u00bb||||false|false\u00bb global_colors_info=\u00bb{}\u00bb][et_pb_column type=\u00bb4_4&#8243; _builder_version=\u00bb4.25.1&#8243; background_color=\u00bbRGBA(255,255,255,0)\u00bb custom_padding=\u00bb0px||||false|false\u00bb global_colors_info=\u00bb{}\u00bb custom_padding__hover=\u00bb|||\u00bb][et_pb_image src=\u00bbhttps:\/\/www.izarkom.eus\/wp-content\/uploads\/2026\/01\/Izarkom-Goiener_Inaugurazioa-scaled.jpg\u00bb title_text=\u00bbIzarkom-Goiener_Inauguraci\u00f3n\u00bb _builder_version=\u00bb4.25.1&#8243; _module_preset=\u00bbdefault\u00bb global_colors_info=\u00bb{}\u00bb][\/et_pb_image][et_pb_text _builder_version=\u00bb4.25.1&#8243; text_font_size=\u00bb16px\u00bb text_line_height=\u00bb1.8em\u00bb header_font_size=\u00bb19px\u00bb header_3_font=\u00bbPoppins|300|||||||\u00bb header_3_font_size=\u00bb20px\u00bb background_color=\u00bbRGBA(255,255,255,0)\u00bb background_size=\u00bbinitial\u00bb background_position=\u00bbtop_left\u00bb background_repeat=\u00bbrepeat\u00bb text_orientation=\u00bbjustified\u00bb custom_margin=\u00bb35px||||false|false\u00bb global_colors_info=\u00bb{}\u00bb]<\/p>\n<h2>Hemos unidos nuestras fuerzas para abrir nueva oficina en hashtag#Iru\u00f1ea.<\/h2>\n<p>[\/et_pb_text][et_pb_text _builder_version=\u00bb4.25.1&#8243; text_font_size=\u00bb16px\u00bb text_line_height=\u00bb1.8em\u00bb header_font_size=\u00bb19px\u00bb header_3_font=\u00bbPoppins|300|||||||\u00bb header_3_font_size=\u00bb20px\u00bb background_color=\u00bbRGBA(255,255,255,0)\u00bb background_size=\u00bbinitial\u00bb background_position=\u00bbtop_left\u00bb background_repeat=\u00bbrepeat\u00bb text_orientation=\u00bbjustified\u00bb custom_margin=\u00bb35px||||false|false\u00bb hover_enabled=\u00bb0&#8243; global_colors_info=\u00bb{}\u00bb sticky_enabled=\u00bb0&#8243;]<\/p>\n<p align=\"justify\">Duela gutxi, lankidetza estrategikoaren apustua egin dugu <a href=\"https:\/\/www.goiener.com\/\">GOIENER<\/a> energia berriztagarrien sorkuntza eta kontsumo kooperatibak eta IZARKOM telekomunikazio operadore kooperatiboak, eta pauso sendo bat eman genuen iragan ostegunean Iru\u00f1ean, Alde Zaharrean zerbitzuak emateko elkarbanatuko dugun bulego berria inauguratuta.<\/p>\n<p align=\"justify\">Nafarroako gizarte eragilez eta bazkidez inguratuta egin genuen irekiera-ospakizuna.<\/p>\n<p align=\"justify\">\ud83d\udcf9 Mila esker <a href=\"https:\/\/ahotsa.info\/\">Ahotsa.info<\/a> hedabideko lagunei!!<\/p>\n<p>[\/et_pb_text][et_pb_text _builder_version=\u00bb4.25.1&#8243; _module_preset=\u00bbdefault\u00bb global_colors_info=\u00bb{}\u00bb]<iframe loading=\"lazy\" title=\"Goiener eta izarkomen Iru\u00f1eko bulegoaren inaugurazio jaia\" width=\"560\" height=\"315\" src=\"https:\/\/peertube.eus\/videos\/embed\/7c6cK55MwMtCBpaQbf2fFE\" style=\"border: 0px; display: block; margin-left: auto; margin-right: auto;\" style=\"border: 0px;\" allow=\"fullscreen\" sandbox=\"allow-same-origin allow-scripts allow-popups allow-forms\"><\/iframe>[\/et_pb_text][\/et_pb_column][\/et_pb_row][\/et_pb_section]<\/p>\n","protected":false},"excerpt":{"rendered":"<p>Celebramos la inauguraci\u00f3n con gran presencia de agentes locales y socias <\/p>\n","protected":false},"author":10,"featured_media":27040,"comment_status":"closed","ping_status":"closed","sticky":false,"template":"","format":"standard","meta":{"_et_pb_use_builder":"on","_et_pb_old_content":"","_et_gb_content_width":"","footnotes":""},"categories":[60],"tags":[163,204,221,225,245,243,242,244,268,267,155],"class_list":["post-27066","post","type-post","status-publish","format-standard","has-post-thumbnail","hentry","category-berriak-es-2","tag-euskara","tag-euskara-es","tag-goiener","tag-goiener-es","tag-inauguracion","tag-inaugurazioa","tag-irunea","tag-irunea-es","tag-izarkom-es","tag-izarkom","tag-telekomunikazioburujabetza"],"yoast_head":"<!-- This site is optimized with the Yoast SEO plugin v27.5 - https:\/\/yoast.com\/product\/yoast-seo-wordpress\/ -->\n<title>Hemos unidos nuestras fuerzas para abrir nueva oficina en #Iru\u00f1ea. - izarkom<\/title>\n<meta name=\"description\" content=\"Hace poco, la cooperativa de generaci\u00f3n y consumo de energ\u00edas renovables GoiEner e Izarkom Telekomunikazio kooperatiba apostamos fuertemente por la colaboraci\u00f3n estrat\u00e9gica. El pasado jueves dimos otro paso firme, con la inauguraci\u00f3n de la nueva oficina que compartiremos en el Casco Viejo de Iru\u00f1ea. Celebramos la inauguraci\u00f3n con gran presencia de agentes locales y socias\" \/>\n<meta name=\"robots\" content=\"index, follow, max-snippet:-1, max-image-preview:large, max-video-preview:-1\" \/>\n<link rel=\"canonical\" href=\"https:\/\/www.izarkom.eus\/es\/hemos-unidos-nuestras-fuerzas-para-abrir-nueva-oficina-en-irunea\/\" \/>\n<meta property=\"og:locale\" content=\"es_ES\" \/>\n<meta property=\"og:type\" content=\"article\" \/>\n<meta property=\"og:title\" content=\"Hemos unidos nuestras fuerzas para abrir nueva oficina en Iru\u00f1ea.\" \/>\n<meta property=\"og:description\" content=\"Hace poco, la cooperativa de generaci\u00f3n y consumo de energ\u00edas renovables GoiEner e Izarkom Telekomunikazio kooperatiba apostamos fuertemente por la colaboraci\u00f3n estrat\u00e9gica. El pasado jueves dimos otro paso firme, con la inauguraci\u00f3n de la nueva oficina que compartiremos en el Casco Viejo de Iru\u00f1ea. Celebramos la inauguraci\u00f3n con gran presencia de agentes locales y socias\" \/>\n<meta property=\"og:url\" content=\"https:\/\/www.izarkom.eus\/es\/hemos-unidos-nuestras-fuerzas-para-abrir-nueva-oficina-en-irunea\/\" \/>\n<meta property=\"og:site_name\" content=\"izarkom\" \/>\n<meta property=\"article:published_time\" content=\"2026-01-26T12:02:10+00:00\" \/>\n<meta property=\"article:modified_time\" content=\"2026-04-24T06:57:17+00:00\" \/>\n<meta property=\"og:image\" content=\"https:\/\/www.izarkom.eus\/wp-content\/uploads\/2026\/01\/Izarkom-Goiener_Inaugurazioa-1024x683.jpg\" \/>\n<meta name=\"author\" content=\"Ibai Beobide\" \/>\n<meta name=\"twitter:card\" content=\"summary_large_image\" \/>\n<meta name=\"twitter:label1\" content=\"Escrito por\" \/>\n\t<meta name=\"twitter:data1\" content=\"Ibai Beobide\" \/>\n\t<meta name=\"twitter:label2\" content=\"Tiempo de lectura\" \/>\n\t<meta name=\"twitter:data2\" content=\"2 minutos\" \/>\n<script type=\"application\/ld+json\" class=\"yoast-schema-graph\">{\"@context\":\"https:\\\/\\\/schema.org\",\"@graph\":[{\"@type\":\"Article\",\"@id\":\"https:\\\/\\\/www.izarkom.eus\\\/es\\\/hemos-unidos-nuestras-fuerzas-para-abrir-nueva-oficina-en-irunea\\\/#article\",\"isPartOf\":{\"@id\":\"https:\\\/\\\/www.izarkom.eus\\\/es\\\/hemos-unidos-nuestras-fuerzas-para-abrir-nueva-oficina-en-irunea\\\/\"},\"author\":{\"name\":\"Ibai Beobide\",\"@id\":\"https:\\\/\\\/www.izarkom.eus\\\/#\\\/schema\\\/person\\\/faa27f5d8bb142e5bf0a3e4a0eb0f332\"},\"headline\":\"Hemos unidos nuestras fuerzas para abrir nueva oficina en #Iru\u00f1ea.\",\"datePublished\":\"2026-01-26T12:02:10+00:00\",\"dateModified\":\"2026-04-24T06:57:17+00:00\",\"mainEntityOfPage\":{\"@id\":\"https:\\\/\\\/www.izarkom.eus\\\/es\\\/hemos-unidos-nuestras-fuerzas-para-abrir-nueva-oficina-en-irunea\\\/\"},\"wordCount\":348,\"image\":{\"@id\":\"https:\\\/\\\/www.izarkom.eus\\\/es\\\/hemos-unidos-nuestras-fuerzas-para-abrir-nueva-oficina-en-irunea\\\/#primaryimage\"},\"thumbnailUrl\":\"https:\\\/\\\/www.izarkom.eus\\\/wp-content\\\/uploads\\\/2026\\\/01\\\/Izarkom-Goiener_Inaugurazioa-scaled.jpg\",\"keywords\":[\"euskara\",\"euskara\",\"Goiener\",\"Goiener\",\"Inauguraci\u00f3n\",\"inaugurazioa\",\"Iru\u00f1ea\",\"Iru\u00f1ea\",\"Izarkom\",\"Izarkom\",\"TelekomunikazioBurujabetza\"],\"articleSection\":[\"Berriak\"],\"inLanguage\":\"es\"},{\"@type\":\"WebPage\",\"@id\":\"https:\\\/\\\/www.izarkom.eus\\\/es\\\/hemos-unidos-nuestras-fuerzas-para-abrir-nueva-oficina-en-irunea\\\/\",\"url\":\"https:\\\/\\\/www.izarkom.eus\\\/es\\\/hemos-unidos-nuestras-fuerzas-para-abrir-nueva-oficina-en-irunea\\\/\",\"name\":\"Hemos unidos nuestras fuerzas para abrir nueva oficina en #Iru\u00f1ea. - izarkom\",\"isPartOf\":{\"@id\":\"https:\\\/\\\/www.izarkom.eus\\\/#website\"},\"primaryImageOfPage\":{\"@id\":\"https:\\\/\\\/www.izarkom.eus\\\/es\\\/hemos-unidos-nuestras-fuerzas-para-abrir-nueva-oficina-en-irunea\\\/#primaryimage\"},\"image\":{\"@id\":\"https:\\\/\\\/www.izarkom.eus\\\/es\\\/hemos-unidos-nuestras-fuerzas-para-abrir-nueva-oficina-en-irunea\\\/#primaryimage\"},\"thumbnailUrl\":\"https:\\\/\\\/www.izarkom.eus\\\/wp-content\\\/uploads\\\/2026\\\/01\\\/Izarkom-Goiener_Inaugurazioa-scaled.jpg\",\"datePublished\":\"2026-01-26T12:02:10+00:00\",\"dateModified\":\"2026-04-24T06:57:17+00:00\",\"author\":{\"@id\":\"https:\\\/\\\/www.izarkom.eus\\\/#\\\/schema\\\/person\\\/faa27f5d8bb142e5bf0a3e4a0eb0f332\"},\"description\":\"Hace poco, la cooperativa de generaci\u00f3n y consumo de energ\u00edas renovables GoiEner e Izarkom Telekomunikazio kooperatiba apostamos fuertemente por la colaboraci\u00f3n estrat\u00e9gica. El pasado jueves dimos otro paso firme, con la inauguraci\u00f3n de la nueva oficina que compartiremos en el Casco Viejo de Iru\u00f1ea. Celebramos la inauguraci\u00f3n con gran presencia de agentes locales y socias\",\"breadcrumb\":{\"@id\":\"https:\\\/\\\/www.izarkom.eus\\\/es\\\/hemos-unidos-nuestras-fuerzas-para-abrir-nueva-oficina-en-irunea\\\/#breadcrumb\"},\"inLanguage\":\"es\",\"potentialAction\":[{\"@type\":\"ReadAction\",\"target\":[\"https:\\\/\\\/www.izarkom.eus\\\/es\\\/hemos-unidos-nuestras-fuerzas-para-abrir-nueva-oficina-en-irunea\\\/\"]}]},{\"@type\":\"ImageObject\",\"inLanguage\":\"es\",\"@id\":\"https:\\\/\\\/www.izarkom.eus\\\/es\\\/hemos-unidos-nuestras-fuerzas-para-abrir-nueva-oficina-en-irunea\\\/#primaryimage\",\"url\":\"https:\\\/\\\/www.izarkom.eus\\\/wp-content\\\/uploads\\\/2026\\\/01\\\/Izarkom-Goiener_Inaugurazioa-scaled.jpg\",\"contentUrl\":\"https:\\\/\\\/www.izarkom.eus\\\/wp-content\\\/uploads\\\/2026\\\/01\\\/Izarkom-Goiener_Inaugurazioa-scaled.jpg\",\"width\":2560,\"height\":1707,\"caption\":\"Gipuzkoa Handball Doubles Championship IZARKOM SARIA finals in Trinket. .Irura (Basque Country) January 22, 2026. (Gari Garaialde \\\/ Bostok Photo)\"},{\"@type\":\"BreadcrumbList\",\"@id\":\"https:\\\/\\\/www.izarkom.eus\\\/es\\\/hemos-unidos-nuestras-fuerzas-para-abrir-nueva-oficina-en-irunea\\\/#breadcrumb\",\"itemListElement\":[{\"@type\":\"ListItem\",\"position\":1,\"name\":\"Home\",\"item\":\"https:\\\/\\\/www.izarkom.eus\\\/\"},{\"@type\":\"ListItem\",\"position\":2,\"name\":\"Hemos unidos nuestras fuerzas para abrir nueva oficina en #Iru\u00f1ea.\"}]},{\"@type\":\"WebSite\",\"@id\":\"https:\\\/\\\/www.izarkom.eus\\\/#website\",\"url\":\"https:\\\/\\\/www.izarkom.eus\\\/\",\"name\":\"izarkom\",\"description\":\"Izarkom, Euskal Herriko telekomunikazio kooperatiba\",\"potentialAction\":[{\"@type\":\"SearchAction\",\"target\":{\"@type\":\"EntryPoint\",\"urlTemplate\":\"https:\\\/\\\/www.izarkom.eus\\\/?s={search_term_string}\"},\"query-input\":{\"@type\":\"PropertyValueSpecification\",\"valueRequired\":true,\"valueName\":\"search_term_string\"}}],\"inLanguage\":\"es\"},{\"@type\":\"Person\",\"@id\":\"https:\\\/\\\/www.izarkom.eus\\\/#\\\/schema\\\/person\\\/faa27f5d8bb142e5bf0a3e4a0eb0f332\",\"name\":\"Ibai Beobide\",\"url\":\"https:\\\/\\\/www.izarkom.eus\\\/es\\\/author\\\/ibai-beobide\\\/\"}]}<\/script>\n<!-- \/ Yoast SEO plugin. -->","yoast_head_json":{"title":"Hemos unidos nuestras fuerzas para abrir nueva oficina en #Iru\u00f1ea. - izarkom","description":"Hace poco, la cooperativa de generaci\u00f3n y consumo de energ\u00edas renovables GoiEner e Izarkom Telekomunikazio kooperatiba apostamos fuertemente por la colaboraci\u00f3n estrat\u00e9gica. El pasado jueves dimos otro paso firme, con la inauguraci\u00f3n de la nueva oficina que compartiremos en el Casco Viejo de Iru\u00f1ea. Celebramos la inauguraci\u00f3n con gran presencia de agentes locales y socias","robots":{"index":"index","follow":"follow","max-snippet":"max-snippet:-1","max-image-preview":"max-image-preview:large","max-video-preview":"max-video-preview:-1"},"canonical":"https:\/\/www.izarkom.eus\/es\/hemos-unidos-nuestras-fuerzas-para-abrir-nueva-oficina-en-irunea\/","og_locale":"es_ES","og_type":"article","og_title":"Hemos unidos nuestras fuerzas para abrir nueva oficina en Iru\u00f1ea.","og_description":"Hace poco, la cooperativa de generaci\u00f3n y consumo de energ\u00edas renovables GoiEner e Izarkom Telekomunikazio kooperatiba apostamos fuertemente por la colaboraci\u00f3n estrat\u00e9gica. El pasado jueves dimos otro paso firme, con la inauguraci\u00f3n de la nueva oficina que compartiremos en el Casco Viejo de Iru\u00f1ea. Celebramos la inauguraci\u00f3n con gran presencia de agentes locales y socias","og_url":"https:\/\/www.izarkom.eus\/es\/hemos-unidos-nuestras-fuerzas-para-abrir-nueva-oficina-en-irunea\/","og_site_name":"izarkom","article_published_time":"2026-01-26T12:02:10+00:00","article_modified_time":"2026-04-24T06:57:17+00:00","og_image":[{"url":"https:\/\/www.izarkom.eus\/wp-content\/uploads\/2026\/01\/Izarkom-Goiener_Inaugurazioa-1024x683.jpg","type":"","width":"","height":""}],"author":"Ibai Beobide","twitter_card":"summary_large_image","twitter_misc":{"Escrito por":"Ibai Beobide","Tiempo de lectura":"2 minutos"},"schema":{"@context":"https:\/\/schema.org","@graph":[{"@type":"Article","@id":"https:\/\/www.izarkom.eus\/es\/hemos-unidos-nuestras-fuerzas-para-abrir-nueva-oficina-en-irunea\/#article","isPartOf":{"@id":"https:\/\/www.izarkom.eus\/es\/hemos-unidos-nuestras-fuerzas-para-abrir-nueva-oficina-en-irunea\/"},"author":{"name":"Ibai Beobide","@id":"https:\/\/www.izarkom.eus\/#\/schema\/person\/faa27f5d8bb142e5bf0a3e4a0eb0f332"},"headline":"Hemos unidos nuestras fuerzas para abrir nueva oficina en #Iru\u00f1ea.","datePublished":"2026-01-26T12:02:10+00:00","dateModified":"2026-04-24T06:57:17+00:00","mainEntityOfPage":{"@id":"https:\/\/www.izarkom.eus\/es\/hemos-unidos-nuestras-fuerzas-para-abrir-nueva-oficina-en-irunea\/"},"wordCount":348,"image":{"@id":"https:\/\/www.izarkom.eus\/es\/hemos-unidos-nuestras-fuerzas-para-abrir-nueva-oficina-en-irunea\/#primaryimage"},"thumbnailUrl":"https:\/\/www.izarkom.eus\/wp-content\/uploads\/2026\/01\/Izarkom-Goiener_Inaugurazioa-scaled.jpg","keywords":["euskara","euskara","Goiener","Goiener","Inauguraci\u00f3n","inaugurazioa","Iru\u00f1ea","Iru\u00f1ea","Izarkom","Izarkom","TelekomunikazioBurujabetza"],"articleSection":["Berriak"],"inLanguage":"es"},{"@type":"WebPage","@id":"https:\/\/www.izarkom.eus\/es\/hemos-unidos-nuestras-fuerzas-para-abrir-nueva-oficina-en-irunea\/","url":"https:\/\/www.izarkom.eus\/es\/hemos-unidos-nuestras-fuerzas-para-abrir-nueva-oficina-en-irunea\/","name":"Hemos unidos nuestras fuerzas para abrir nueva oficina en #Iru\u00f1ea. - izarkom","isPartOf":{"@id":"https:\/\/www.izarkom.eus\/#website"},"primaryImageOfPage":{"@id":"https:\/\/www.izarkom.eus\/es\/hemos-unidos-nuestras-fuerzas-para-abrir-nueva-oficina-en-irunea\/#primaryimage"},"image":{"@id":"https:\/\/www.izarkom.eus\/es\/hemos-unidos-nuestras-fuerzas-para-abrir-nueva-oficina-en-irunea\/#primaryimage"},"thumbnailUrl":"https:\/\/www.izarkom.eus\/wp-content\/uploads\/2026\/01\/Izarkom-Goiener_Inaugurazioa-scaled.jpg","datePublished":"2026-01-26T12:02:10+00:00","dateModified":"2026-04-24T06:57:17+00:00","author":{"@id":"https:\/\/www.izarkom.eus\/#\/schema\/person\/faa27f5d8bb142e5bf0a3e4a0eb0f332"},"description":"Hace poco, la cooperativa de generaci\u00f3n y consumo de energ\u00edas renovables GoiEner e Izarkom Telekomunikazio kooperatiba apostamos fuertemente por la colaboraci\u00f3n estrat\u00e9gica. El pasado jueves dimos otro paso firme, con la inauguraci\u00f3n de la nueva oficina que compartiremos en el Casco Viejo de Iru\u00f1ea. Celebramos la inauguraci\u00f3n con gran presencia de agentes locales y socias","breadcrumb":{"@id":"https:\/\/www.izarkom.eus\/es\/hemos-unidos-nuestras-fuerzas-para-abrir-nueva-oficina-en-irunea\/#breadcrumb"},"inLanguage":"es","potentialAction":[{"@type":"ReadAction","target":["https:\/\/www.izarkom.eus\/es\/hemos-unidos-nuestras-fuerzas-para-abrir-nueva-oficina-en-irunea\/"]}]},{"@type":"ImageObject","inLanguage":"es","@id":"https:\/\/www.izarkom.eus\/es\/hemos-unidos-nuestras-fuerzas-para-abrir-nueva-oficina-en-irunea\/#primaryimage","url":"https:\/\/www.izarkom.eus\/wp-content\/uploads\/2026\/01\/Izarkom-Goiener_Inaugurazioa-scaled.jpg","contentUrl":"https:\/\/www.izarkom.eus\/wp-content\/uploads\/2026\/01\/Izarkom-Goiener_Inaugurazioa-scaled.jpg","width":2560,"height":1707,"caption":"Gipuzkoa Handball Doubles Championship IZARKOM SARIA finals in Trinket. .Irura (Basque Country) January 22, 2026. (Gari Garaialde \/ Bostok Photo)"},{"@type":"BreadcrumbList","@id":"https:\/\/www.izarkom.eus\/es\/hemos-unidos-nuestras-fuerzas-para-abrir-nueva-oficina-en-irunea\/#breadcrumb","itemListElement":[{"@type":"ListItem","position":1,"name":"Home","item":"https:\/\/www.izarkom.eus\/"},{"@type":"ListItem","position":2,"name":"Hemos unidos nuestras fuerzas para abrir nueva oficina en #Iru\u00f1ea."}]},{"@type":"WebSite","@id":"https:\/\/www.izarkom.eus\/#website","url":"https:\/\/www.izarkom.eus\/","name":"izarkom","description":"Izarkom, Euskal Herriko telekomunikazio kooperatiba","potentialAction":[{"@type":"SearchAction","target":{"@type":"EntryPoint","urlTemplate":"https:\/\/www.izarkom.eus\/?s={search_term_string}"},"query-input":{"@type":"PropertyValueSpecification","valueRequired":true,"valueName":"search_term_string"}}],"inLanguage":"es"},{"@type":"Person","@id":"https:\/\/www.izarkom.eus\/#\/schema\/person\/faa27f5d8bb142e5bf0a3e4a0eb0f332","name":"Ibai Beobide","url":"https:\/\/www.izarkom.eus\/es\/author\/ibai-beobide\/"}]}},"_links":{"self":[{"href":"https:\/\/www.izarkom.eus\/es\/wp-json\/wp\/v2\/posts\/27066","targetHints":{"allow":["GET"]}}],"collection":[{"href":"https:\/\/www.izarkom.eus\/es\/wp-json\/wp\/v2\/posts"}],"about":[{"href":"https:\/\/www.izarkom.eus\/es\/wp-json\/wp\/v2\/types\/post"}],"author":[{"embeddable":true,"href":"https:\/\/www.izarkom.eus\/es\/wp-json\/wp\/v2\/users\/10"}],"replies":[{"embeddable":true,"href":"https:\/\/www.izarkom.eus\/es\/wp-json\/wp\/v2\/comments?post=27066"}],"version-history":[{"count":4,"href":"https:\/\/www.izarkom.eus\/es\/wp-json\/wp\/v2\/posts\/27066\/revisions"}],"predecessor-version":[{"id":28458,"href":"https:\/\/www.izarkom.eus\/es\/wp-json\/wp\/v2\/posts\/27066\/revisions\/28458"}],"wp:featuredmedia":[{"embeddable":true,"href":"https:\/\/www.izarkom.eus\/es\/wp-json\/wp\/v2\/media\/27040"}],"wp:attachment":[{"href":"https:\/\/www.izarkom.eus\/es\/wp-json\/wp\/v2\/media?parent=27066"}],"wp:term":[{"taxonomy":"category","embeddable":true,"href":"https:\/\/www.izarkom.eus\/es\/wp-json\/wp\/v2\/categories?post=27066"},{"taxonomy":"post_tag","embeddable":true,"href":"https:\/\/www.izarkom.eus\/es\/wp-json\/wp\/v2\/tags?post=27066"}],"curies":[{"name":"wp","href":"https:\/\/api.w.org\/{rel}","templated":true}]}}