{"id":26397,"date":"2025-12-11T10:45:21","date_gmt":"2025-12-11T09:45:21","guid":{"rendered":"https:\/\/www.izarkom.eus\/?p=26397"},"modified":"2026-04-24T08:57:46","modified_gmt":"2026-04-24T06:57:46","slug":"izarkom-tambien-quiere-ser-aske","status":"publish","type":"post","link":"https:\/\/www.izarkom.eus\/es\/izarkom-tambien-quiere-ser-aske\/","title":{"rendered":"Izarkom tambi\u00e9n quiere ser ASKE"},"content":{"rendered":"<p>[et_pb_section fb_built=\u00bb1&#8243; _builder_version=\u00bb4.25.1&#8243; background_color=\u00bbRGBA(255,255,255,0)\u00bb da_disable_devices=\u00bboff|off|off\u00bb global_colors_info=\u00bb{}\u00bb da_is_popup=\u00bboff\u00bb da_exit_intent=\u00bboff\u00bb da_has_close=\u00bbon\u00bb da_alt_close=\u00bboff\u00bb da_dark_close=\u00bboff\u00bb da_not_modal=\u00bbon\u00bb da_is_singular=\u00bboff\u00bb da_with_loader=\u00bboff\u00bb da_has_shadow=\u00bbon\u00bb][et_pb_row _builder_version=\u00bb4.22.1&#8243; background_color=\u00bbRGBA(255,255,255,0)\u00bb background_size=\u00bbinitial\u00bb background_position=\u00bbtop_left\u00bb background_repeat=\u00bbrepeat\u00bb width_tablet=\u00bb\u00bb width_phone=\u00bb100%\u00bb width_last_edited=\u00bbon|phone\u00bb global_colors_info=\u00bb{}\u00bb][et_pb_column type=\u00bb4_4&#8243; _builder_version=\u00bb4.22.1&#8243; background_color=\u00bbRGBA(255,255,255,0)\u00bb custom_padding=\u00bb|||\u00bb global_colors_info=\u00bb{}\u00bb custom_padding__hover=\u00bb|||\u00bb][et_pb_text _builder_version=\u00bb4.25.1&#8243; text_font_size=\u00bb16px\u00bb text_line_height=\u00bb1.8em\u00bb header_font_size=\u00bb19px\u00bb header_3_font=\u00bbPoppins|300|||||||\u00bb header_3_font_size=\u00bb20px\u00bb background_color=\u00bbRGBA(255,255,255,0)\u00bb background_size=\u00bbinitial\u00bb background_position=\u00bbtop_left\u00bb background_repeat=\u00bbrepeat\u00bb text_orientation=\u00bbjustified\u00bb global_colors_info=\u00bb{}\u00bb]<\/p>\n<h2><strong>Izarkom tambi\u00e9n quiere ser LIBRE.<\/strong><\/h2>\n<p>&nbsp;<\/p>\n<p>Para seguir haciendo el camino que iniciamos con el festival Hatortxu Rock, Izarkom seguir\u00e1 <strong>colaborando con ASKE jaialdia<\/strong>. Como dicen en su web \u00bb Es un punto de encuentro para reivindicar la libertad de nuestro pueblo y de nuestra gente. Refugio de las que queremos ser libres\u00bb y nosotros, desde el principio hemos reivindicado \u00abRedes libres en un pueblo libre\u00bb, as\u00ed que no ha sido dificil encontrarnos en el camino.<\/p>\n<p>El festival ASKE quiere crear la banda sonora de una Euskal Herria libre : euskaldun, feminista, anticapitalista, solidaria&#8230; y nosotros , que nos gusta esa m\u00fasica , adem\u00e1s de escuchar las canciones, queremos ser m\u00fasicos en el grupo que tocar\u00e1 esa banda sonora . Al igual que el festival ASKE, Izarkom tambi\u00e9n formamos parte del movimiento popular y compartimos los valores del movimiento popular: nosotros tambi\u00e9n tenemos como herramientas la cooperaci\u00f3n , el trabajo vecinal y la colaboraci\u00f3n.<\/p>\n<p>Juntos cualquier cosa es posible. <strong>Juntos somos dos y medio<\/strong>.<\/p>\n<p>Para celebrar esta colaboraci\u00f3n, sortearemos 5 entradas dobles para el festival <strong>ASKE que se celebrar\u00e1 el 27 de diciembre en Villava <\/strong> entre las socias de Izarkom que se inscriban rellenando el <a href=\"#zozketa\">siguiente formulario.<\/a> <strong>El sorteo se realizar\u00e1 el 22 de diciembre.<\/strong><\/p>\n<p>[\/et_pb_text][\/et_pb_column][\/et_pb_row][\/et_pb_section]<\/p>\n","protected":false},"excerpt":{"rendered":"<p>Para seguir haciendo el camino que iniciamos con el Hatortxu Rock, Izarkom seguir\u00e1 colaborando con el festival ASKE<\/p>\n","protected":false},"author":5,"featured_media":26384,"comment_status":"closed","ping_status":"closed","sticky":false,"template":"","format":"standard","meta":{"_et_pb_use_builder":"on","_et_pb_old_content":"","_et_gb_content_width":"","footnotes":""},"categories":[60],"tags":[77,128],"class_list":["post-26397","post","type-post","status-publish","format-standard","has-post-thumbnail","hentry","category-berriak-es-2","tag-hitzarmena","tag-hitzarmena-es"],"yoast_head":"<!-- This site is optimized with the Yoast SEO plugin v27.5 - https:\/\/yoast.com\/product\/yoast-seo-wordpress\/ -->\n<title>Izarkom tambi\u00e9n quiere ser ASKE - izarkom<\/title>\n<meta name=\"description\" content=\"Para seguir haciendo el camino que iniciamos con el Hatortxu Rock, Izarkom seguir\u00e1 colaborando con el festival ASKE\" \/>\n<meta name=\"robots\" content=\"index, follow, max-snippet:-1, max-image-preview:large, max-video-preview:-1\" \/>\n<link rel=\"canonical\" href=\"https:\/\/www.izarkom.eus\/es\/izarkom-tambien-quiere-ser-aske\/\" \/>\n<meta property=\"og:locale\" content=\"es_ES\" \/>\n<meta property=\"og:type\" content=\"article\" \/>\n<meta property=\"og:title\" content=\"Izarkom quiere ser ASKE\" \/>\n<meta property=\"og:description\" content=\"Sortearemos 5 entradas dobles para ASKE entre todos las personas socias que se apunten\" \/>\n<meta property=\"og:url\" content=\"https:\/\/www.izarkom.eus\/es\/izarkom-tambien-quiere-ser-aske\/\" \/>\n<meta property=\"og:site_name\" content=\"izarkom\" \/>\n<meta property=\"article:published_time\" content=\"2025-12-11T09:45:21+00:00\" \/>\n<meta property=\"article:modified_time\" content=\"2026-04-24T06:57:46+00:00\" \/>\n<meta property=\"og:image\" content=\"https:\/\/www.izarkom.eus\/wp-content\/uploads\/2025\/11\/ASKEirudia-1024x470.png\" \/>\n<meta name=\"author\" content=\"Garaialde(e)ko Gari\" \/>\n<meta name=\"twitter:card\" content=\"summary_large_image\" \/>\n<meta name=\"twitter:label1\" content=\"Escrito por\" \/>\n\t<meta name=\"twitter:data1\" content=\"Garaialde(e)ko Gari\" \/>\n\t<meta name=\"twitter:label2\" content=\"Tiempo de lectura\" \/>\n\t<meta name=\"twitter:data2\" content=\"2 minutos\" \/>\n<script type=\"application\/ld+json\" class=\"yoast-schema-graph\">{\"@context\":\"https:\\\/\\\/schema.org\",\"@graph\":[{\"@type\":\"Article\",\"@id\":\"https:\\\/\\\/www.izarkom.eus\\\/es\\\/izarkom-tambien-quiere-ser-aske\\\/#article\",\"isPartOf\":{\"@id\":\"https:\\\/\\\/www.izarkom.eus\\\/es\\\/izarkom-tambien-quiere-ser-aske\\\/\"},\"author\":{\"name\":\"Garaialde(e)ko Gari\",\"@id\":\"https:\\\/\\\/www.izarkom.eus\\\/#\\\/schema\\\/person\\\/56365137280c1e53dc4fe6bc34d7a976\"},\"headline\":\"Izarkom tambi\u00e9n quiere ser ASKE\",\"datePublished\":\"2025-12-11T09:45:21+00:00\",\"dateModified\":\"2026-04-24T06:57:46+00:00\",\"mainEntityOfPage\":{\"@id\":\"https:\\\/\\\/www.izarkom.eus\\\/es\\\/izarkom-tambien-quiere-ser-aske\\\/\"},\"wordCount\":368,\"image\":{\"@id\":\"https:\\\/\\\/www.izarkom.eus\\\/es\\\/izarkom-tambien-quiere-ser-aske\\\/#primaryimage\"},\"thumbnailUrl\":\"https:\\\/\\\/www.izarkom.eus\\\/wp-content\\\/uploads\\\/2025\\\/11\\\/ASKEirudia.png\",\"keywords\":[\"Hitzarmena\",\"Hitzarmena\"],\"articleSection\":[\"Berriak\"],\"inLanguage\":\"es\"},{\"@type\":\"WebPage\",\"@id\":\"https:\\\/\\\/www.izarkom.eus\\\/es\\\/izarkom-tambien-quiere-ser-aske\\\/\",\"url\":\"https:\\\/\\\/www.izarkom.eus\\\/es\\\/izarkom-tambien-quiere-ser-aske\\\/\",\"name\":\"Izarkom tambi\u00e9n quiere ser ASKE - izarkom\",\"isPartOf\":{\"@id\":\"https:\\\/\\\/www.izarkom.eus\\\/#website\"},\"primaryImageOfPage\":{\"@id\":\"https:\\\/\\\/www.izarkom.eus\\\/es\\\/izarkom-tambien-quiere-ser-aske\\\/#primaryimage\"},\"image\":{\"@id\":\"https:\\\/\\\/www.izarkom.eus\\\/es\\\/izarkom-tambien-quiere-ser-aske\\\/#primaryimage\"},\"thumbnailUrl\":\"https:\\\/\\\/www.izarkom.eus\\\/wp-content\\\/uploads\\\/2025\\\/11\\\/ASKEirudia.png\",\"datePublished\":\"2025-12-11T09:45:21+00:00\",\"dateModified\":\"2026-04-24T06:57:46+00:00\",\"author\":{\"@id\":\"https:\\\/\\\/www.izarkom.eus\\\/#\\\/schema\\\/person\\\/56365137280c1e53dc4fe6bc34d7a976\"},\"description\":\"Para seguir haciendo el camino que iniciamos con el Hatortxu Rock, Izarkom seguir\u00e1 colaborando con el festival ASKE\",\"breadcrumb\":{\"@id\":\"https:\\\/\\\/www.izarkom.eus\\\/es\\\/izarkom-tambien-quiere-ser-aske\\\/#breadcrumb\"},\"inLanguage\":\"es\",\"potentialAction\":[{\"@type\":\"ReadAction\",\"target\":[\"https:\\\/\\\/www.izarkom.eus\\\/es\\\/izarkom-tambien-quiere-ser-aske\\\/\"]}]},{\"@type\":\"ImageObject\",\"inLanguage\":\"es\",\"@id\":\"https:\\\/\\\/www.izarkom.eus\\\/es\\\/izarkom-tambien-quiere-ser-aske\\\/#primaryimage\",\"url\":\"https:\\\/\\\/www.izarkom.eus\\\/wp-content\\\/uploads\\\/2025\\\/11\\\/ASKEirudia.png\",\"contentUrl\":\"https:\\\/\\\/www.izarkom.eus\\\/wp-content\\\/uploads\\\/2025\\\/11\\\/ASKEirudia.png\",\"width\":1920,\"height\":881},{\"@type\":\"BreadcrumbList\",\"@id\":\"https:\\\/\\\/www.izarkom.eus\\\/es\\\/izarkom-tambien-quiere-ser-aske\\\/#breadcrumb\",\"itemListElement\":[{\"@type\":\"ListItem\",\"position\":1,\"name\":\"Home\",\"item\":\"https:\\\/\\\/www.izarkom.eus\\\/\"},{\"@type\":\"ListItem\",\"position\":2,\"name\":\"Izarkom tambi\u00e9n quiere ser ASKE\"}]},{\"@type\":\"WebSite\",\"@id\":\"https:\\\/\\\/www.izarkom.eus\\\/#website\",\"url\":\"https:\\\/\\\/www.izarkom.eus\\\/\",\"name\":\"izarkom\",\"description\":\"Izarkom, Euskal Herriko telekomunikazio kooperatiba\",\"potentialAction\":[{\"@type\":\"SearchAction\",\"target\":{\"@type\":\"EntryPoint\",\"urlTemplate\":\"https:\\\/\\\/www.izarkom.eus\\\/?s={search_term_string}\"},\"query-input\":{\"@type\":\"PropertyValueSpecification\",\"valueRequired\":true,\"valueName\":\"search_term_string\"}}],\"inLanguage\":\"es\"},{\"@type\":\"Person\",\"@id\":\"https:\\\/\\\/www.izarkom.eus\\\/#\\\/schema\\\/person\\\/56365137280c1e53dc4fe6bc34d7a976\",\"name\":\"Garaialde(e)ko Gari\",\"url\":\"https:\\\/\\\/www.izarkom.eus\\\/es\\\/author\\\/gari-garaialde\\\/\"}]}<\/script>\n<!-- \/ Yoast SEO plugin. -->","yoast_head_json":{"title":"Izarkom tambi\u00e9n quiere ser ASKE - izarkom","description":"Para seguir haciendo el camino que iniciamos con el Hatortxu Rock, Izarkom seguir\u00e1 colaborando con el festival ASKE","robots":{"index":"index","follow":"follow","max-snippet":"max-snippet:-1","max-image-preview":"max-image-preview:large","max-video-preview":"max-video-preview:-1"},"canonical":"https:\/\/www.izarkom.eus\/es\/izarkom-tambien-quiere-ser-aske\/","og_locale":"es_ES","og_type":"article","og_title":"Izarkom quiere ser ASKE","og_description":"Sortearemos 5 entradas dobles para ASKE entre todos las personas socias que se apunten","og_url":"https:\/\/www.izarkom.eus\/es\/izarkom-tambien-quiere-ser-aske\/","og_site_name":"izarkom","article_published_time":"2025-12-11T09:45:21+00:00","article_modified_time":"2026-04-24T06:57:46+00:00","og_image":[{"url":"https:\/\/www.izarkom.eus\/wp-content\/uploads\/2025\/11\/ASKEirudia-1024x470.png","type":"","width":"","height":""}],"author":"Garaialde(e)ko Gari","twitter_card":"summary_large_image","twitter_misc":{"Escrito por":"Garaialde(e)ko Gari","Tiempo de lectura":"2 minutos"},"schema":{"@context":"https:\/\/schema.org","@graph":[{"@type":"Article","@id":"https:\/\/www.izarkom.eus\/es\/izarkom-tambien-quiere-ser-aske\/#article","isPartOf":{"@id":"https:\/\/www.izarkom.eus\/es\/izarkom-tambien-quiere-ser-aske\/"},"author":{"name":"Garaialde(e)ko Gari","@id":"https:\/\/www.izarkom.eus\/#\/schema\/person\/56365137280c1e53dc4fe6bc34d7a976"},"headline":"Izarkom tambi\u00e9n quiere ser ASKE","datePublished":"2025-12-11T09:45:21+00:00","dateModified":"2026-04-24T06:57:46+00:00","mainEntityOfPage":{"@id":"https:\/\/www.izarkom.eus\/es\/izarkom-tambien-quiere-ser-aske\/"},"wordCount":368,"image":{"@id":"https:\/\/www.izarkom.eus\/es\/izarkom-tambien-quiere-ser-aske\/#primaryimage"},"thumbnailUrl":"https:\/\/www.izarkom.eus\/wp-content\/uploads\/2025\/11\/ASKEirudia.png","keywords":["Hitzarmena","Hitzarmena"],"articleSection":["Berriak"],"inLanguage":"es"},{"@type":"WebPage","@id":"https:\/\/www.izarkom.eus\/es\/izarkom-tambien-quiere-ser-aske\/","url":"https:\/\/www.izarkom.eus\/es\/izarkom-tambien-quiere-ser-aske\/","name":"Izarkom tambi\u00e9n quiere ser ASKE - izarkom","isPartOf":{"@id":"https:\/\/www.izarkom.eus\/#website"},"primaryImageOfPage":{"@id":"https:\/\/www.izarkom.eus\/es\/izarkom-tambien-quiere-ser-aske\/#primaryimage"},"image":{"@id":"https:\/\/www.izarkom.eus\/es\/izarkom-tambien-quiere-ser-aske\/#primaryimage"},"thumbnailUrl":"https:\/\/www.izarkom.eus\/wp-content\/uploads\/2025\/11\/ASKEirudia.png","datePublished":"2025-12-11T09:45:21+00:00","dateModified":"2026-04-24T06:57:46+00:00","author":{"@id":"https:\/\/www.izarkom.eus\/#\/schema\/person\/56365137280c1e53dc4fe6bc34d7a976"},"description":"Para seguir haciendo el camino que iniciamos con el Hatortxu Rock, Izarkom seguir\u00e1 colaborando con el festival ASKE","breadcrumb":{"@id":"https:\/\/www.izarkom.eus\/es\/izarkom-tambien-quiere-ser-aske\/#breadcrumb"},"inLanguage":"es","potentialAction":[{"@type":"ReadAction","target":["https:\/\/www.izarkom.eus\/es\/izarkom-tambien-quiere-ser-aske\/"]}]},{"@type":"ImageObject","inLanguage":"es","@id":"https:\/\/www.izarkom.eus\/es\/izarkom-tambien-quiere-ser-aske\/#primaryimage","url":"https:\/\/www.izarkom.eus\/wp-content\/uploads\/2025\/11\/ASKEirudia.png","contentUrl":"https:\/\/www.izarkom.eus\/wp-content\/uploads\/2025\/11\/ASKEirudia.png","width":1920,"height":881},{"@type":"BreadcrumbList","@id":"https:\/\/www.izarkom.eus\/es\/izarkom-tambien-quiere-ser-aske\/#breadcrumb","itemListElement":[{"@type":"ListItem","position":1,"name":"Home","item":"https:\/\/www.izarkom.eus\/"},{"@type":"ListItem","position":2,"name":"Izarkom tambi\u00e9n quiere ser ASKE"}]},{"@type":"WebSite","@id":"https:\/\/www.izarkom.eus\/#website","url":"https:\/\/www.izarkom.eus\/","name":"izarkom","description":"Izarkom, Euskal Herriko telekomunikazio kooperatiba","potentialAction":[{"@type":"SearchAction","target":{"@type":"EntryPoint","urlTemplate":"https:\/\/www.izarkom.eus\/?s={search_term_string}"},"query-input":{"@type":"PropertyValueSpecification","valueRequired":true,"valueName":"search_term_string"}}],"inLanguage":"es"},{"@type":"Person","@id":"https:\/\/www.izarkom.eus\/#\/schema\/person\/56365137280c1e53dc4fe6bc34d7a976","name":"Garaialde(e)ko Gari","url":"https:\/\/www.izarkom.eus\/es\/author\/gari-garaialde\/"}]}},"_links":{"self":[{"href":"https:\/\/www.izarkom.eus\/es\/wp-json\/wp\/v2\/posts\/26397","targetHints":{"allow":["GET"]}}],"collection":[{"href":"https:\/\/www.izarkom.eus\/es\/wp-json\/wp\/v2\/posts"}],"about":[{"href":"https:\/\/www.izarkom.eus\/es\/wp-json\/wp\/v2\/types\/post"}],"author":[{"embeddable":true,"href":"https:\/\/www.izarkom.eus\/es\/wp-json\/wp\/v2\/users\/5"}],"replies":[{"embeddable":true,"href":"https:\/\/www.izarkom.eus\/es\/wp-json\/wp\/v2\/comments?post=26397"}],"version-history":[{"count":5,"href":"https:\/\/www.izarkom.eus\/es\/wp-json\/wp\/v2\/posts\/26397\/revisions"}],"predecessor-version":[{"id":28462,"href":"https:\/\/www.izarkom.eus\/es\/wp-json\/wp\/v2\/posts\/26397\/revisions\/28462"}],"wp:featuredmedia":[{"embeddable":true,"href":"https:\/\/www.izarkom.eus\/es\/wp-json\/wp\/v2\/media\/26384"}],"wp:attachment":[{"href":"https:\/\/www.izarkom.eus\/es\/wp-json\/wp\/v2\/media?parent=26397"}],"wp:term":[{"taxonomy":"category","embeddable":true,"href":"https:\/\/www.izarkom.eus\/es\/wp-json\/wp\/v2\/categories?post=26397"},{"taxonomy":"post_tag","embeddable":true,"href":"https:\/\/www.izarkom.eus\/es\/wp-json\/wp\/v2\/tags?post=26397"}],"curies":[{"name":"wp","href":"https:\/\/api.w.org\/{rel}","templated":true}]}}