{"id":24963,"date":"2025-09-15T12:28:29","date_gmt":"2025-09-15T10:28:29","guid":{"rendered":"https:\/\/www.izarkom.eus\/ya-esta-en-marcha-una-nueva-edicion-de-izarkom-eskola\/"},"modified":"2025-09-16T08:23:45","modified_gmt":"2025-09-16T06:23:45","slug":"ya-esta-en-marcha-una-nueva-edicion-de-izarkom-eskola","status":"publish","type":"post","link":"https:\/\/www.izarkom.eus\/es\/ya-esta-en-marcha-una-nueva-edicion-de-izarkom-eskola\/","title":{"rendered":"Ya est\u00e1 en marcha una nueva edici\u00f3n de Izarkom eskola"},"content":{"rendered":"<p>[et_pb_section fb_built=\u00bb1&#8243; _builder_version=\u00bb4.25.1&#8243; background_color=\u00bbRGBA(255,255,255,0)\u00bb da_disable_devices=\u00bboff|off|off\u00bb global_colors_info=\u00bb{}\u00bb da_is_popup=\u00bboff\u00bb da_exit_intent=\u00bboff\u00bb da_has_close=\u00bbon\u00bb da_alt_close=\u00bboff\u00bb da_dark_close=\u00bboff\u00bb da_not_modal=\u00bbon\u00bb da_is_singular=\u00bboff\u00bb da_with_loader=\u00bboff\u00bb da_has_shadow=\u00bbon\u00bb][et_pb_row _builder_version=\u00bb4.22.1&#8243; background_color=\u00bbRGBA(255,255,255,0)\u00bb background_size=\u00bbinitial\u00bb background_position=\u00bbtop_left\u00bb background_repeat=\u00bbrepeat\u00bb width_tablet=\u00bb\u00bb width_phone=\u00bb100%\u00bb width_last_edited=\u00bbon|phone\u00bb global_colors_info=\u00bb{}\u00bb][et_pb_column type=\u00bb4_4&#8243; _builder_version=\u00bb4.22.1&#8243; background_color=\u00bbRGBA(255,255,255,0)\u00bb custom_padding=\u00bb|||\u00bb global_colors_info=\u00bb{}\u00bb custom_padding__hover=\u00bb|||\u00bb][et_pb_text _builder_version=\u00bb4.25.1&#8243; text_font_size=\u00bb16px\u00bb text_line_height=\u00bb1.8em\u00bb header_font_size=\u00bb19px\u00bb header_3_font=\u00bbPoppins|300|||||||\u00bb header_3_font_size=\u00bb20px\u00bb background_color=\u00bbRGBA(255,255,255,0)\u00bb background_size=\u00bbinitial\u00bb background_position=\u00bbtop_left\u00bb background_repeat=\u00bbrepeat\u00bb text_orientation=\u00bbjustified\u00bb global_colors_info=\u00bb{}\u00bb]<\/p>\n<h2><strong>Ya esta en marcha una nueva edici\u00f3n de Izarkom eskola<\/strong><\/h2>\n<p>&nbsp;<\/p>\n<p>\u00a1Llega la nueva edici\u00f3n de <a href=\"https:\/\/www.izarkom.eus\/es\/izarkom-eskola\/\">Izarkom eskola<\/a>.<\/p>\n<p>Su objetivo es analizar el impacto que pueden tener las diferentes tecnolog\u00edas y bajar del idioma t\u00e9cnico al lenguaje de la calle.<\/p>\n<p>Con la intenci\u00f3n de dar continuidad a este instrumento de formaci\u00f3n e intervenci\u00f3n social creado en colaboraci\u00f3n con diferentes expertas y agentes, hemos dado un nuevo impulso y formato a la escuela para el curso 25\/26. En colaboraci\u00f3n con <a href=\"https:\/\/www.hamaika.eus\/\">HamaikaTB<\/a> hemos decidido crear un programa podcast, pero con p\u00fablico presencial.<\/p>\n<p>Entre septiembre y junio<strong> realizaremos 10 sesiones h\u00edbridas gratuitas<\/strong> en el nodo de Bilbao. Se celebrar\u00e1n los \u00faltimos mi\u00e9rcoles de mes y se emitir\u00e1n en televisi\u00f3n al cabo de una semana. Todas las sesiones ser\u00e1n en euskera.<\/p>\n<p>La primera sesi\u00f3n llega con fuerza. <a href=\"https:\/\/www.izarkom.eus\/es\/ekitaldiak\/luces-y-sombras-de-la-inteligencia-artificial\/\">La experta Usue Mori se centrar\u00e1 en la inteligencia artificial<\/a>, con el objetivo de arrojar luz sobre el espinoso tema en boga y a\u00f1adir a la mesa las potencialidades y riesgos que puede tener esta tecnolog\u00eda.<\/p>\n<p>Lo que conocemos como AA es la capacidad de los ordenadores o de las m\u00e1quinas para mostrar una inteligencia similar a la humana. \u00bfQuieres saber m\u00e1s?\u00a0<\/p>\n<p>[\/et_pb_text][et_pb_button button_url=\u00bbhttps:\/\/www.izarkom.eus\/es\/izarkom-eskola\/\u00bb button_text=\u00bbSaber m\u00e1s\u00bb button_alignment=\u00bbcenter\u00bb _builder_version=\u00bb4.25.1&#8243; _module_preset=\u00bbdefault\u00bb custom_button=\u00bbon\u00bb button_text_color=\u00bb#FFFFFF\u00bb button_bg_color=\u00bb#BA0533&#8243; global_colors_info=\u00bb{}\u00bb][\/et_pb_button][\/et_pb_column][\/et_pb_row][\/et_pb_section]<\/p>\n","protected":false},"excerpt":{"rendered":"<p>\u00a1Llega la nueva Izarkom eskola! Su objetivo es analizar el impacto que pueden tener las diferentes tecnolog\u00edas y bajar del idioma t\u00e9cnico al lenguaje de la calle.<\/p>\n","protected":false},"author":5,"featured_media":24974,"comment_status":"open","ping_status":"open","sticky":false,"template":"","format":"standard","meta":{"_et_pb_use_builder":"on","_et_pb_old_content":"","_et_gb_content_width":"","footnotes":""},"categories":[60,4],"tags":[158],"class_list":["post-24963","post","type-post","status-publish","format-standard","has-post-thumbnail","hentry","category-berriak-es-2","category-sin-categorizar","tag-eskola"],"yoast_head":"<!-- This site is optimized with the Yoast SEO plugin v27.5 - https:\/\/yoast.com\/product\/yoast-seo-wordpress\/ -->\n<title>Ya est\u00e1 en marcha una nueva edici\u00f3n de Izarkom eskola - izarkom<\/title>\n<meta name=\"description\" content=\"Su objetivo es analizar el impacto que pueden tener las diferentes tecnolog\u00edas y bajar del idioma t\u00e9cnico al lenguaje de la calle.\" \/>\n<meta name=\"robots\" content=\"index, follow, max-snippet:-1, max-image-preview:large, max-video-preview:-1\" \/>\n<link rel=\"canonical\" href=\"https:\/\/www.izarkom.eus\/abian-da-izarkom-eskolaren-edizio-berria\/\" \/>\n<meta property=\"og:locale\" content=\"es_ES\" \/>\n<meta property=\"og:type\" content=\"article\" \/>\n<meta property=\"og:title\" content=\"Llega la nueva Izarkom eskola\" \/>\n<meta property=\"og:description\" content=\"\u00a1Llega la nueva Izarkom eskola! Su objetivo es analizar el impacto que pueden tener las diferentes tecnolog\u00edas y bajar del idioma t\u00e9cnico al lenguaje de la calle.\" \/>\n<meta property=\"og:url\" content=\"https:\/\/www.izarkom.eus\/abian-da-izarkom-eskolaren-edizio-berria\/\" \/>\n<meta property=\"og:site_name\" content=\"izarkom\" \/>\n<meta property=\"article:published_time\" content=\"2025-09-15T10:28:29+00:00\" \/>\n<meta property=\"article:modified_time\" content=\"2025-09-16T06:23:45+00:00\" \/>\n<meta property=\"og:image\" content=\"https:\/\/www.izarkom.eus\/wp-content\/uploads\/2025\/09\/IZARKOM-ESKOLA-UDA-animazioa-300x300.gif\" \/>\n<meta name=\"author\" content=\"Garaialde(e)ko Gari\" \/>\n<meta name=\"twitter:card\" content=\"summary_large_image\" \/>\n<meta name=\"twitter:label1\" content=\"Escrito por\" \/>\n\t<meta name=\"twitter:data1\" content=\"Garaialde(e)ko Gari\" \/>\n\t<meta name=\"twitter:label2\" content=\"Tiempo de lectura\" \/>\n\t<meta name=\"twitter:data2\" content=\"2 minutos\" \/>\n<script type=\"application\/ld+json\" class=\"yoast-schema-graph\">{\"@context\":\"https:\\\/\\\/schema.org\",\"@graph\":[{\"@type\":\"Article\",\"@id\":\"https:\\\/\\\/www.izarkom.eus\\\/abian-da-izarkom-eskolaren-edizio-berria\\\/#article\",\"isPartOf\":{\"@id\":\"https:\\\/\\\/www.izarkom.eus\\\/abian-da-izarkom-eskolaren-edizio-berria\\\/\"},\"author\":{\"name\":\"Garaialde(e)ko Gari\",\"@id\":\"https:\\\/\\\/www.izarkom.eus\\\/#\\\/schema\\\/person\\\/56365137280c1e53dc4fe6bc34d7a976\"},\"headline\":\"Ya est\u00e1 en marcha una nueva edici\u00f3n de Izarkom eskola\",\"datePublished\":\"2025-09-15T10:28:29+00:00\",\"dateModified\":\"2025-09-16T06:23:45+00:00\",\"mainEntityOfPage\":{\"@id\":\"https:\\\/\\\/www.izarkom.eus\\\/abian-da-izarkom-eskolaren-edizio-berria\\\/\"},\"wordCount\":423,\"commentCount\":0,\"image\":{\"@id\":\"https:\\\/\\\/www.izarkom.eus\\\/abian-da-izarkom-eskolaren-edizio-berria\\\/#primaryimage\"},\"thumbnailUrl\":\"https:\\\/\\\/www.izarkom.eus\\\/wp-content\\\/uploads\\\/2025\\\/09\\\/IZARKOM-ESKOLA-UDA-animazioa-1200-x-630-px.png\",\"keywords\":[\"ESKOLA\"],\"articleSection\":[\"Berriak\",\"Sin categorizar\"],\"inLanguage\":\"es\",\"potentialAction\":[{\"@type\":\"CommentAction\",\"name\":\"Comment\",\"target\":[\"https:\\\/\\\/www.izarkom.eus\\\/abian-da-izarkom-eskolaren-edizio-berria\\\/#respond\"]}]},{\"@type\":\"WebPage\",\"@id\":\"https:\\\/\\\/www.izarkom.eus\\\/abian-da-izarkom-eskolaren-edizio-berria\\\/\",\"url\":\"https:\\\/\\\/www.izarkom.eus\\\/abian-da-izarkom-eskolaren-edizio-berria\\\/\",\"name\":\"Ya est\u00e1 en marcha una nueva edici\u00f3n de Izarkom eskola - izarkom\",\"isPartOf\":{\"@id\":\"https:\\\/\\\/www.izarkom.eus\\\/#website\"},\"primaryImageOfPage\":{\"@id\":\"https:\\\/\\\/www.izarkom.eus\\\/abian-da-izarkom-eskolaren-edizio-berria\\\/#primaryimage\"},\"image\":{\"@id\":\"https:\\\/\\\/www.izarkom.eus\\\/abian-da-izarkom-eskolaren-edizio-berria\\\/#primaryimage\"},\"thumbnailUrl\":\"https:\\\/\\\/www.izarkom.eus\\\/wp-content\\\/uploads\\\/2025\\\/09\\\/IZARKOM-ESKOLA-UDA-animazioa-1200-x-630-px.png\",\"datePublished\":\"2025-09-15T10:28:29+00:00\",\"dateModified\":\"2025-09-16T06:23:45+00:00\",\"author\":{\"@id\":\"https:\\\/\\\/www.izarkom.eus\\\/#\\\/schema\\\/person\\\/56365137280c1e53dc4fe6bc34d7a976\"},\"description\":\"Su objetivo es analizar el impacto que pueden tener las diferentes tecnolog\u00edas y bajar del idioma t\u00e9cnico al lenguaje de la calle.\",\"breadcrumb\":{\"@id\":\"https:\\\/\\\/www.izarkom.eus\\\/abian-da-izarkom-eskolaren-edizio-berria\\\/#breadcrumb\"},\"inLanguage\":\"es\",\"potentialAction\":[{\"@type\":\"ReadAction\",\"target\":[\"https:\\\/\\\/www.izarkom.eus\\\/abian-da-izarkom-eskolaren-edizio-berria\\\/\"]}]},{\"@type\":\"ImageObject\",\"inLanguage\":\"es\",\"@id\":\"https:\\\/\\\/www.izarkom.eus\\\/abian-da-izarkom-eskolaren-edizio-berria\\\/#primaryimage\",\"url\":\"https:\\\/\\\/www.izarkom.eus\\\/wp-content\\\/uploads\\\/2025\\\/09\\\/IZARKOM-ESKOLA-UDA-animazioa-1200-x-630-px.png\",\"contentUrl\":\"https:\\\/\\\/www.izarkom.eus\\\/wp-content\\\/uploads\\\/2025\\\/09\\\/IZARKOM-ESKOLA-UDA-animazioa-1200-x-630-px.png\",\"width\":1200,\"height\":630},{\"@type\":\"BreadcrumbList\",\"@id\":\"https:\\\/\\\/www.izarkom.eus\\\/abian-da-izarkom-eskolaren-edizio-berria\\\/#breadcrumb\",\"itemListElement\":[{\"@type\":\"ListItem\",\"position\":1,\"name\":\"Home\",\"item\":\"https:\\\/\\\/www.izarkom.eus\\\/\"},{\"@type\":\"ListItem\",\"position\":2,\"name\":\"Ya est\u00e1 en marcha una nueva edici\u00f3n de Izarkom eskola\"}]},{\"@type\":\"WebSite\",\"@id\":\"https:\\\/\\\/www.izarkom.eus\\\/#website\",\"url\":\"https:\\\/\\\/www.izarkom.eus\\\/\",\"name\":\"izarkom\",\"description\":\"Izarkom, Euskal Herriko telekomunikazio kooperatiba\",\"potentialAction\":[{\"@type\":\"SearchAction\",\"target\":{\"@type\":\"EntryPoint\",\"urlTemplate\":\"https:\\\/\\\/www.izarkom.eus\\\/?s={search_term_string}\"},\"query-input\":{\"@type\":\"PropertyValueSpecification\",\"valueRequired\":true,\"valueName\":\"search_term_string\"}}],\"inLanguage\":\"es\"},{\"@type\":\"Person\",\"@id\":\"https:\\\/\\\/www.izarkom.eus\\\/#\\\/schema\\\/person\\\/56365137280c1e53dc4fe6bc34d7a976\",\"name\":\"Garaialde(e)ko Gari\",\"url\":\"https:\\\/\\\/www.izarkom.eus\\\/es\\\/author\\\/gari-garaialde\\\/\"}]}<\/script>\n<!-- \/ Yoast SEO plugin. -->","yoast_head_json":{"title":"Ya est\u00e1 en marcha una nueva edici\u00f3n de Izarkom eskola - izarkom","description":"Su objetivo es analizar el impacto que pueden tener las diferentes tecnolog\u00edas y bajar del idioma t\u00e9cnico al lenguaje de la calle.","robots":{"index":"index","follow":"follow","max-snippet":"max-snippet:-1","max-image-preview":"max-image-preview:large","max-video-preview":"max-video-preview:-1"},"canonical":"https:\/\/www.izarkom.eus\/abian-da-izarkom-eskolaren-edizio-berria\/","og_locale":"es_ES","og_type":"article","og_title":"Llega la nueva Izarkom eskola","og_description":"\u00a1Llega la nueva Izarkom eskola! Su objetivo es analizar el impacto que pueden tener las diferentes tecnolog\u00edas y bajar del idioma t\u00e9cnico al lenguaje de la calle.","og_url":"https:\/\/www.izarkom.eus\/abian-da-izarkom-eskolaren-edizio-berria\/","og_site_name":"izarkom","article_published_time":"2025-09-15T10:28:29+00:00","article_modified_time":"2025-09-16T06:23:45+00:00","og_image":[{"url":"https:\/\/www.izarkom.eus\/wp-content\/uploads\/2025\/09\/IZARKOM-ESKOLA-UDA-animazioa-300x300.gif","type":"","width":"","height":""}],"author":"Garaialde(e)ko Gari","twitter_card":"summary_large_image","twitter_misc":{"Escrito por":"Garaialde(e)ko Gari","Tiempo de lectura":"2 minutos"},"schema":{"@context":"https:\/\/schema.org","@graph":[{"@type":"Article","@id":"https:\/\/www.izarkom.eus\/abian-da-izarkom-eskolaren-edizio-berria\/#article","isPartOf":{"@id":"https:\/\/www.izarkom.eus\/abian-da-izarkom-eskolaren-edizio-berria\/"},"author":{"name":"Garaialde(e)ko Gari","@id":"https:\/\/www.izarkom.eus\/#\/schema\/person\/56365137280c1e53dc4fe6bc34d7a976"},"headline":"Ya est\u00e1 en marcha una nueva edici\u00f3n de Izarkom eskola","datePublished":"2025-09-15T10:28:29+00:00","dateModified":"2025-09-16T06:23:45+00:00","mainEntityOfPage":{"@id":"https:\/\/www.izarkom.eus\/abian-da-izarkom-eskolaren-edizio-berria\/"},"wordCount":423,"commentCount":0,"image":{"@id":"https:\/\/www.izarkom.eus\/abian-da-izarkom-eskolaren-edizio-berria\/#primaryimage"},"thumbnailUrl":"https:\/\/www.izarkom.eus\/wp-content\/uploads\/2025\/09\/IZARKOM-ESKOLA-UDA-animazioa-1200-x-630-px.png","keywords":["ESKOLA"],"articleSection":["Berriak","Sin categorizar"],"inLanguage":"es","potentialAction":[{"@type":"CommentAction","name":"Comment","target":["https:\/\/www.izarkom.eus\/abian-da-izarkom-eskolaren-edizio-berria\/#respond"]}]},{"@type":"WebPage","@id":"https:\/\/www.izarkom.eus\/abian-da-izarkom-eskolaren-edizio-berria\/","url":"https:\/\/www.izarkom.eus\/abian-da-izarkom-eskolaren-edizio-berria\/","name":"Ya est\u00e1 en marcha una nueva edici\u00f3n de Izarkom eskola - izarkom","isPartOf":{"@id":"https:\/\/www.izarkom.eus\/#website"},"primaryImageOfPage":{"@id":"https:\/\/www.izarkom.eus\/abian-da-izarkom-eskolaren-edizio-berria\/#primaryimage"},"image":{"@id":"https:\/\/www.izarkom.eus\/abian-da-izarkom-eskolaren-edizio-berria\/#primaryimage"},"thumbnailUrl":"https:\/\/www.izarkom.eus\/wp-content\/uploads\/2025\/09\/IZARKOM-ESKOLA-UDA-animazioa-1200-x-630-px.png","datePublished":"2025-09-15T10:28:29+00:00","dateModified":"2025-09-16T06:23:45+00:00","author":{"@id":"https:\/\/www.izarkom.eus\/#\/schema\/person\/56365137280c1e53dc4fe6bc34d7a976"},"description":"Su objetivo es analizar el impacto que pueden tener las diferentes tecnolog\u00edas y bajar del idioma t\u00e9cnico al lenguaje de la calle.","breadcrumb":{"@id":"https:\/\/www.izarkom.eus\/abian-da-izarkom-eskolaren-edizio-berria\/#breadcrumb"},"inLanguage":"es","potentialAction":[{"@type":"ReadAction","target":["https:\/\/www.izarkom.eus\/abian-da-izarkom-eskolaren-edizio-berria\/"]}]},{"@type":"ImageObject","inLanguage":"es","@id":"https:\/\/www.izarkom.eus\/abian-da-izarkom-eskolaren-edizio-berria\/#primaryimage","url":"https:\/\/www.izarkom.eus\/wp-content\/uploads\/2025\/09\/IZARKOM-ESKOLA-UDA-animazioa-1200-x-630-px.png","contentUrl":"https:\/\/www.izarkom.eus\/wp-content\/uploads\/2025\/09\/IZARKOM-ESKOLA-UDA-animazioa-1200-x-630-px.png","width":1200,"height":630},{"@type":"BreadcrumbList","@id":"https:\/\/www.izarkom.eus\/abian-da-izarkom-eskolaren-edizio-berria\/#breadcrumb","itemListElement":[{"@type":"ListItem","position":1,"name":"Home","item":"https:\/\/www.izarkom.eus\/"},{"@type":"ListItem","position":2,"name":"Ya est\u00e1 en marcha una nueva edici\u00f3n de Izarkom eskola"}]},{"@type":"WebSite","@id":"https:\/\/www.izarkom.eus\/#website","url":"https:\/\/www.izarkom.eus\/","name":"izarkom","description":"Izarkom, Euskal Herriko telekomunikazio kooperatiba","potentialAction":[{"@type":"SearchAction","target":{"@type":"EntryPoint","urlTemplate":"https:\/\/www.izarkom.eus\/?s={search_term_string}"},"query-input":{"@type":"PropertyValueSpecification","valueRequired":true,"valueName":"search_term_string"}}],"inLanguage":"es"},{"@type":"Person","@id":"https:\/\/www.izarkom.eus\/#\/schema\/person\/56365137280c1e53dc4fe6bc34d7a976","name":"Garaialde(e)ko Gari","url":"https:\/\/www.izarkom.eus\/es\/author\/gari-garaialde\/"}]}},"_links":{"self":[{"href":"https:\/\/www.izarkom.eus\/es\/wp-json\/wp\/v2\/posts\/24963","targetHints":{"allow":["GET"]}}],"collection":[{"href":"https:\/\/www.izarkom.eus\/es\/wp-json\/wp\/v2\/posts"}],"about":[{"href":"https:\/\/www.izarkom.eus\/es\/wp-json\/wp\/v2\/types\/post"}],"author":[{"embeddable":true,"href":"https:\/\/www.izarkom.eus\/es\/wp-json\/wp\/v2\/users\/5"}],"replies":[{"embeddable":true,"href":"https:\/\/www.izarkom.eus\/es\/wp-json\/wp\/v2\/comments?post=24963"}],"version-history":[{"count":5,"href":"https:\/\/www.izarkom.eus\/es\/wp-json\/wp\/v2\/posts\/24963\/revisions"}],"predecessor-version":[{"id":24995,"href":"https:\/\/www.izarkom.eus\/es\/wp-json\/wp\/v2\/posts\/24963\/revisions\/24995"}],"wp:featuredmedia":[{"embeddable":true,"href":"https:\/\/www.izarkom.eus\/es\/wp-json\/wp\/v2\/media\/24974"}],"wp:attachment":[{"href":"https:\/\/www.izarkom.eus\/es\/wp-json\/wp\/v2\/media?parent=24963"}],"wp:term":[{"taxonomy":"category","embeddable":true,"href":"https:\/\/www.izarkom.eus\/es\/wp-json\/wp\/v2\/categories?post=24963"},{"taxonomy":"post_tag","embeddable":true,"href":"https:\/\/www.izarkom.eus\/es\/wp-json\/wp\/v2\/tags?post=24963"}],"curies":[{"name":"wp","href":"https:\/\/api.w.org\/{rel}","templated":true}]}}