{"id":22803,"date":"2025-05-28T14:18:33","date_gmt":"2025-05-28T12:18:33","guid":{"rendered":"https:\/\/www.izarkom.eus\/presentamos-juntos-el-manifiesto-piztu-alternatiba\/"},"modified":"2025-05-28T17:18:51","modified_gmt":"2025-05-28T15:18:51","slug":"presentamos-juntos-el-manifiesto-piztu-alternatiba","status":"publish","type":"post","link":"https:\/\/www.izarkom.eus\/es\/presentamos-juntos-el-manifiesto-piztu-alternatiba\/","title":{"rendered":"PRESENTAMOS JUNTOS EL MANIFIESTO \u201cENCIENDE ALTERNATIVAS\u201d"},"content":{"rendered":"<p>[et_pb_section fb_built=\u00bb1&#8243; _builder_version=\u00bb4.25.1&#8243; background_color=\u00bbRGBA(255,255,255,0)\u00bb da_disable_devices=\u00bboff|off|off\u00bb global_colors_info=\u00bb{}\u00bb da_is_popup=\u00bboff\u00bb da_exit_intent=\u00bboff\u00bb da_has_close=\u00bbon\u00bb da_alt_close=\u00bboff\u00bb da_dark_close=\u00bboff\u00bb da_not_modal=\u00bbon\u00bb da_is_singular=\u00bboff\u00bb da_with_loader=\u00bboff\u00bb da_has_shadow=\u00bbon\u00bb][et_pb_row _builder_version=\u00bb4.22.1&#8243; background_color=\u00bbRGBA(255,255,255,0)\u00bb background_size=\u00bbinitial\u00bb background_position=\u00bbtop_left\u00bb background_repeat=\u00bbrepeat\u00bb width_tablet=\u00bb\u00bb width_phone=\u00bb100%\u00bb width_last_edited=\u00bbon|phone\u00bb global_colors_info=\u00bb{}\u00bb][et_pb_column type=\u00bb4_4&#8243; _builder_version=\u00bb4.22.1&#8243; background_color=\u00bbRGBA(255,255,255,0)\u00bb custom_padding=\u00bb|||\u00bb global_colors_info=\u00bb{}\u00bb custom_padding__hover=\u00bb|||\u00bb][et_pb_text _builder_version=\u00bb4.25.1&#8243; text_font_size=\u00bb16px\u00bb text_line_height=\u00bb1.8em\u00bb header_font_size=\u00bb19px\u00bb header_3_font=\u00bbPoppins|300|||||||\u00bb header_3_font_size=\u00bb20px\u00bb background_color=\u00bbRGBA(255,255,255,0)\u00bb background_size=\u00bbinitial\u00bb background_position=\u00bbtop_left\u00bb background_repeat=\u00bbrepeat\u00bb text_orientation=\u00bbjustified\u00bb hover_enabled=\u00bb0&#8243; global_colors_info=\u00bb{}\u00bb sticky_enabled=\u00bb0&#8243;]<\/p>\n<h2>GOIENER E IZARKOM PRESENTAMOS JUNTOS EL MANIFIESTO \u201cENCIENDE ALTERNATIVAS\u201d<\/h2>\n<p style=\"line-height: 0.64cm;\">\u00a0<\/p>\n<p style=\"line-height: 0.64cm;\"><em><span style=\"font-size: medium;\">Ahora que ha pasado un mes desde el apag\u00f3n, hacemos un llamamiento a la ciudadan\u00eda y a los agentes para que se unan a favor de la energ\u00eda y las telecomunicaciones soberanas y sostenibles.<\/span><\/em><\/p>\n<p style=\"line-height: 0.64cm;\">\u00a0<\/p>\n<p style=\"line-height: 0.64cm;\"><span style=\"font-size: medium;\">El apag\u00f3n de hace un mes nos ha demostrado lo vulnerables y dependientes que somos. A\u00fan no sabemos cu\u00e1les fueron las razones t\u00e9cnicas para provocar el apag\u00f3n, pero nos ha servido para recordar a manos qui\u00e9n est\u00e1n los servicios b\u00e1sicos; la energ\u00eda y las comunicaciones por internet son derechos humanos b\u00e1sicos y est\u00e1n, en gran medida, en manos de gigantes empresas privadas.<\/strong>.<\/span><\/p>\n<p style=\"line-height: 0.64cm;\"><span style=\"font-size: medium;\">Ante esta situaci\u00f3n, necesitamos reflexionar, ser cr\u00edticos, abrir el debate y transformar nuestros h\u00e1bitos de consumo. Las cooperativas de generaci\u00f3n y consumo de energ\u00edas renovables GOIENER y al operador cooperativo de telecomunicaciones IZARKOM queremos reivindicar que existen alternativas.<\/span><\/p>\n<p><strong>Debemos trabajar modelos m\u00e1s sostenibles, democr\u00e1ticos y participativos; crear y apoyar cooperativas y redes comunitarias para que el poder no quede en manos de unos pocos.<\/p>\n<p>Pedimos a las instituciones que promuevan medidas y pol\u00edticas activas basadas en la soberan\u00eda y la sostenibilidad para superar esta dependencia, pero tambi\u00e9n queremos recordar a los agentes sociales y a las cooperativas que est\u00e1 en nuestras manos recorrer juntos el camino hacia la transici\u00f3n ecosocial, construir alternativas s\u00f3lidas y ante m\u00e1s apagones futuros, para encender la luz de las alternativas.<\/p>\n<p>Pod\u00e9is leer y adheriros al manifiesto colectivo en la p\u00e1gina <a href=\"https:\/\/piztualternatibak.eus\/es\/\">piztualternatibak.eus<\/a>.<\/p>\n<p>[\/et_pb_text][et_pb_image src=\u00bbhttps:\/\/www.izarkom.eus\/wp-content\/uploads\/2025\/05\/photo_20_2025-05-27_12-41-49.jpg\u00bb _builder_version=\u00bb4.25.1&#8243; _module_preset=\u00bbdefault\u00bb title_text=\u00bbphoto_20_2025-05-27_12-41-49&#8243; hover_enabled=\u00bb0&#8243; sticky_enabled=\u00bb0&#8243;][\/et_pb_image][\/et_pb_column][\/et_pb_row][\/et_pb_section]<\/p>\n","protected":false},"excerpt":{"rendered":"<p>Existen alternativas y colaboramos conjuntamente para conseguir redes de energ\u00eda y telefon\u00eda sostenibles, democr\u00e1ticas y participativas.<\/p>\n","protected":false},"author":5,"featured_media":22787,"comment_status":"open","ping_status":"open","sticky":false,"template":"","format":"standard","meta":{"_et_pb_use_builder":"on","_et_pb_old_content":"","_et_gb_content_width":"","footnotes":""},"categories":[60],"tags":[219,223,222,218,221,225,77,128,56,224,220],"class_list":["post-22803","post","type-post","status-publish","format-standard","has-post-thumbnail","hentry","category-berriak-es-2","tag-alternatiba","tag-alternatiba-es","tag-ekonomia-sozial-eraldatzailea-es","tag-ekonomia-sozial-eraldatzailea","tag-goiener","tag-goiener-es","tag-hitzarmena","tag-hitzarmena-es","tag-internet","tag-piztu-alternatiba-es","tag-piztu-alternatiba"],"yoast_head":"<!-- This site is optimized with the Yoast SEO plugin v27.4 - https:\/\/yoast.com\/product\/yoast-seo-wordpress\/ -->\n<title>PRESENTAMOS JUNTOS EL MANIFIESTO \u201cENCIENDE ALTERNATIVAS\u201d - izarkom<\/title>\n<meta name=\"description\" content=\"Existen alternativas y colaboramos conjuntamente para conseguir redes de energ\u00eda y telefon\u00eda sostenibles, democr\u00e1ticas y participativas.\" \/>\n<meta name=\"robots\" content=\"index, follow, max-snippet:-1, max-image-preview:large, max-video-preview:-1\" \/>\n<link rel=\"canonical\" href=\"https:\/\/www.izarkom.eus\/es\/presentamos-juntos-el-manifiesto-piztu-alternatiba\/\" \/>\n<meta property=\"og:locale\" content=\"es_ES\" \/>\n<meta property=\"og:type\" content=\"article\" \/>\n<meta property=\"og:title\" content=\"PRESENTAMOS JUNTOS EL MANIFIESTO \u201cENCIENDE ALTERNATIVAS\u201d - izarkom\" \/>\n<meta property=\"og:description\" content=\"Existen alternativas y colaboramos conjuntamente para conseguir redes de energ\u00eda y telefon\u00eda sostenibles, democr\u00e1ticas y participativas.\" \/>\n<meta property=\"og:url\" content=\"https:\/\/www.izarkom.eus\/es\/presentamos-juntos-el-manifiesto-piztu-alternatiba\/\" \/>\n<meta property=\"og:site_name\" content=\"izarkom\" \/>\n<meta property=\"article:published_time\" content=\"2025-05-28T12:18:33+00:00\" \/>\n<meta property=\"article:modified_time\" content=\"2025-05-28T15:18:51+00:00\" \/>\n<meta property=\"og:image\" content=\"https:\/\/www.izarkom.eus\/wp-content\/uploads\/2025\/05\/photo_2_2025-05-27_12-42-45.jpg\" \/>\n\t<meta property=\"og:image:width\" content=\"1280\" \/>\n\t<meta property=\"og:image:height\" content=\"722\" \/>\n\t<meta property=\"og:image:type\" content=\"image\/jpeg\" \/>\n<meta name=\"author\" content=\"Garaialde(e)ko Gari\" \/>\n<meta name=\"twitter:card\" content=\"summary_large_image\" \/>\n<meta name=\"twitter:label1\" content=\"Escrito por\" \/>\n\t<meta name=\"twitter:data1\" content=\"Garaialde(e)ko Gari\" \/>\n\t<meta name=\"twitter:label2\" content=\"Tiempo de lectura\" \/>\n\t<meta name=\"twitter:data2\" content=\"2 minutos\" \/>\n<script type=\"application\/ld+json\" class=\"yoast-schema-graph\">{\"@context\":\"https:\\\/\\\/schema.org\",\"@graph\":[{\"@type\":\"Article\",\"@id\":\"https:\\\/\\\/www.izarkom.eus\\\/es\\\/presentamos-juntos-el-manifiesto-piztu-alternatiba\\\/#article\",\"isPartOf\":{\"@id\":\"https:\\\/\\\/www.izarkom.eus\\\/es\\\/presentamos-juntos-el-manifiesto-piztu-alternatiba\\\/\"},\"author\":{\"name\":\"Garaialde(e)ko Gari\",\"@id\":\"https:\\\/\\\/www.izarkom.eus\\\/#\\\/schema\\\/person\\\/56365137280c1e53dc4fe6bc34d7a976\"},\"headline\":\"PRESENTAMOS JUNTOS EL MANIFIESTO \u201cENCIENDE ALTERNATIVAS\u201d\",\"datePublished\":\"2025-05-28T12:18:33+00:00\",\"dateModified\":\"2025-05-28T15:18:51+00:00\",\"mainEntityOfPage\":{\"@id\":\"https:\\\/\\\/www.izarkom.eus\\\/es\\\/presentamos-juntos-el-manifiesto-piztu-alternatiba\\\/\"},\"wordCount\":473,\"commentCount\":0,\"image\":{\"@id\":\"https:\\\/\\\/www.izarkom.eus\\\/es\\\/presentamos-juntos-el-manifiesto-piztu-alternatiba\\\/#primaryimage\"},\"thumbnailUrl\":\"https:\\\/\\\/www.izarkom.eus\\\/wp-content\\\/uploads\\\/2025\\\/05\\\/photo_2_2025-05-27_12-42-45.jpg\",\"keywords\":[\"Alternatiba\",\"Alternativa\",\"Ekonomia Sozial Eraldatzailea\",\"Ekonomia Sozial Eraldatzailea\",\"Goiener\",\"Goiener\",\"Hitzarmena\",\"Hitzarmena\",\"Internet\",\"Piztu Alternatiba\",\"Piztu Alternatiba\"],\"articleSection\":[\"Berriak\"],\"inLanguage\":\"es\",\"potentialAction\":[{\"@type\":\"CommentAction\",\"name\":\"Comment\",\"target\":[\"https:\\\/\\\/www.izarkom.eus\\\/es\\\/presentamos-juntos-el-manifiesto-piztu-alternatiba\\\/#respond\"]}]},{\"@type\":\"WebPage\",\"@id\":\"https:\\\/\\\/www.izarkom.eus\\\/es\\\/presentamos-juntos-el-manifiesto-piztu-alternatiba\\\/\",\"url\":\"https:\\\/\\\/www.izarkom.eus\\\/es\\\/presentamos-juntos-el-manifiesto-piztu-alternatiba\\\/\",\"name\":\"PRESENTAMOS JUNTOS EL MANIFIESTO \u201cENCIENDE ALTERNATIVAS\u201d - izarkom\",\"isPartOf\":{\"@id\":\"https:\\\/\\\/www.izarkom.eus\\\/#website\"},\"primaryImageOfPage\":{\"@id\":\"https:\\\/\\\/www.izarkom.eus\\\/es\\\/presentamos-juntos-el-manifiesto-piztu-alternatiba\\\/#primaryimage\"},\"image\":{\"@id\":\"https:\\\/\\\/www.izarkom.eus\\\/es\\\/presentamos-juntos-el-manifiesto-piztu-alternatiba\\\/#primaryimage\"},\"thumbnailUrl\":\"https:\\\/\\\/www.izarkom.eus\\\/wp-content\\\/uploads\\\/2025\\\/05\\\/photo_2_2025-05-27_12-42-45.jpg\",\"datePublished\":\"2025-05-28T12:18:33+00:00\",\"dateModified\":\"2025-05-28T15:18:51+00:00\",\"author\":{\"@id\":\"https:\\\/\\\/www.izarkom.eus\\\/#\\\/schema\\\/person\\\/56365137280c1e53dc4fe6bc34d7a976\"},\"description\":\"Existen alternativas y colaboramos conjuntamente para conseguir redes de energ\u00eda y telefon\u00eda sostenibles, democr\u00e1ticas y participativas.\",\"breadcrumb\":{\"@id\":\"https:\\\/\\\/www.izarkom.eus\\\/es\\\/presentamos-juntos-el-manifiesto-piztu-alternatiba\\\/#breadcrumb\"},\"inLanguage\":\"es\",\"potentialAction\":[{\"@type\":\"ReadAction\",\"target\":[\"https:\\\/\\\/www.izarkom.eus\\\/es\\\/presentamos-juntos-el-manifiesto-piztu-alternatiba\\\/\"]}]},{\"@type\":\"ImageObject\",\"inLanguage\":\"es\",\"@id\":\"https:\\\/\\\/www.izarkom.eus\\\/es\\\/presentamos-juntos-el-manifiesto-piztu-alternatiba\\\/#primaryimage\",\"url\":\"https:\\\/\\\/www.izarkom.eus\\\/wp-content\\\/uploads\\\/2025\\\/05\\\/photo_2_2025-05-27_12-42-45.jpg\",\"contentUrl\":\"https:\\\/\\\/www.izarkom.eus\\\/wp-content\\\/uploads\\\/2025\\\/05\\\/photo_2_2025-05-27_12-42-45.jpg\",\"width\":1280,\"height\":722},{\"@type\":\"BreadcrumbList\",\"@id\":\"https:\\\/\\\/www.izarkom.eus\\\/es\\\/presentamos-juntos-el-manifiesto-piztu-alternatiba\\\/#breadcrumb\",\"itemListElement\":[{\"@type\":\"ListItem\",\"position\":1,\"name\":\"Home\",\"item\":\"https:\\\/\\\/www.izarkom.eus\\\/\"},{\"@type\":\"ListItem\",\"position\":2,\"name\":\"PRESENTAMOS JUNTOS EL MANIFIESTO \u201cENCIENDE ALTERNATIVAS\u201d\"}]},{\"@type\":\"WebSite\",\"@id\":\"https:\\\/\\\/www.izarkom.eus\\\/#website\",\"url\":\"https:\\\/\\\/www.izarkom.eus\\\/\",\"name\":\"izarkom\",\"description\":\"Izarkom, Euskal Herriko telekomunikazio kooperatiba\",\"potentialAction\":[{\"@type\":\"SearchAction\",\"target\":{\"@type\":\"EntryPoint\",\"urlTemplate\":\"https:\\\/\\\/www.izarkom.eus\\\/?s={search_term_string}\"},\"query-input\":{\"@type\":\"PropertyValueSpecification\",\"valueRequired\":true,\"valueName\":\"search_term_string\"}}],\"inLanguage\":\"es\"},{\"@type\":\"Person\",\"@id\":\"https:\\\/\\\/www.izarkom.eus\\\/#\\\/schema\\\/person\\\/56365137280c1e53dc4fe6bc34d7a976\",\"name\":\"Garaialde(e)ko Gari\",\"url\":\"https:\\\/\\\/www.izarkom.eus\\\/es\\\/author\\\/gari-garaialde\\\/\"}]}<\/script>\n<!-- \/ Yoast SEO plugin. -->","yoast_head_json":{"title":"PRESENTAMOS JUNTOS EL MANIFIESTO \u201cENCIENDE ALTERNATIVAS\u201d - izarkom","description":"Existen alternativas y colaboramos conjuntamente para conseguir redes de energ\u00eda y telefon\u00eda sostenibles, democr\u00e1ticas y participativas.","robots":{"index":"index","follow":"follow","max-snippet":"max-snippet:-1","max-image-preview":"max-image-preview:large","max-video-preview":"max-video-preview:-1"},"canonical":"https:\/\/www.izarkom.eus\/es\/presentamos-juntos-el-manifiesto-piztu-alternatiba\/","og_locale":"es_ES","og_type":"article","og_title":"PRESENTAMOS JUNTOS EL MANIFIESTO \u201cENCIENDE ALTERNATIVAS\u201d - izarkom","og_description":"Existen alternativas y colaboramos conjuntamente para conseguir redes de energ\u00eda y telefon\u00eda sostenibles, democr\u00e1ticas y participativas.","og_url":"https:\/\/www.izarkom.eus\/es\/presentamos-juntos-el-manifiesto-piztu-alternatiba\/","og_site_name":"izarkom","article_published_time":"2025-05-28T12:18:33+00:00","article_modified_time":"2025-05-28T15:18:51+00:00","og_image":[{"width":1280,"height":722,"url":"https:\/\/www.izarkom.eus\/wp-content\/uploads\/2025\/05\/photo_2_2025-05-27_12-42-45.jpg","type":"image\/jpeg"}],"author":"Garaialde(e)ko Gari","twitter_card":"summary_large_image","twitter_misc":{"Escrito por":"Garaialde(e)ko Gari","Tiempo de lectura":"2 minutos"},"schema":{"@context":"https:\/\/schema.org","@graph":[{"@type":"Article","@id":"https:\/\/www.izarkom.eus\/es\/presentamos-juntos-el-manifiesto-piztu-alternatiba\/#article","isPartOf":{"@id":"https:\/\/www.izarkom.eus\/es\/presentamos-juntos-el-manifiesto-piztu-alternatiba\/"},"author":{"name":"Garaialde(e)ko Gari","@id":"https:\/\/www.izarkom.eus\/#\/schema\/person\/56365137280c1e53dc4fe6bc34d7a976"},"headline":"PRESENTAMOS JUNTOS EL MANIFIESTO \u201cENCIENDE ALTERNATIVAS\u201d","datePublished":"2025-05-28T12:18:33+00:00","dateModified":"2025-05-28T15:18:51+00:00","mainEntityOfPage":{"@id":"https:\/\/www.izarkom.eus\/es\/presentamos-juntos-el-manifiesto-piztu-alternatiba\/"},"wordCount":473,"commentCount":0,"image":{"@id":"https:\/\/www.izarkom.eus\/es\/presentamos-juntos-el-manifiesto-piztu-alternatiba\/#primaryimage"},"thumbnailUrl":"https:\/\/www.izarkom.eus\/wp-content\/uploads\/2025\/05\/photo_2_2025-05-27_12-42-45.jpg","keywords":["Alternatiba","Alternativa","Ekonomia Sozial Eraldatzailea","Ekonomia Sozial Eraldatzailea","Goiener","Goiener","Hitzarmena","Hitzarmena","Internet","Piztu Alternatiba","Piztu Alternatiba"],"articleSection":["Berriak"],"inLanguage":"es","potentialAction":[{"@type":"CommentAction","name":"Comment","target":["https:\/\/www.izarkom.eus\/es\/presentamos-juntos-el-manifiesto-piztu-alternatiba\/#respond"]}]},{"@type":"WebPage","@id":"https:\/\/www.izarkom.eus\/es\/presentamos-juntos-el-manifiesto-piztu-alternatiba\/","url":"https:\/\/www.izarkom.eus\/es\/presentamos-juntos-el-manifiesto-piztu-alternatiba\/","name":"PRESENTAMOS JUNTOS EL MANIFIESTO \u201cENCIENDE ALTERNATIVAS\u201d - izarkom","isPartOf":{"@id":"https:\/\/www.izarkom.eus\/#website"},"primaryImageOfPage":{"@id":"https:\/\/www.izarkom.eus\/es\/presentamos-juntos-el-manifiesto-piztu-alternatiba\/#primaryimage"},"image":{"@id":"https:\/\/www.izarkom.eus\/es\/presentamos-juntos-el-manifiesto-piztu-alternatiba\/#primaryimage"},"thumbnailUrl":"https:\/\/www.izarkom.eus\/wp-content\/uploads\/2025\/05\/photo_2_2025-05-27_12-42-45.jpg","datePublished":"2025-05-28T12:18:33+00:00","dateModified":"2025-05-28T15:18:51+00:00","author":{"@id":"https:\/\/www.izarkom.eus\/#\/schema\/person\/56365137280c1e53dc4fe6bc34d7a976"},"description":"Existen alternativas y colaboramos conjuntamente para conseguir redes de energ\u00eda y telefon\u00eda sostenibles, democr\u00e1ticas y participativas.","breadcrumb":{"@id":"https:\/\/www.izarkom.eus\/es\/presentamos-juntos-el-manifiesto-piztu-alternatiba\/#breadcrumb"},"inLanguage":"es","potentialAction":[{"@type":"ReadAction","target":["https:\/\/www.izarkom.eus\/es\/presentamos-juntos-el-manifiesto-piztu-alternatiba\/"]}]},{"@type":"ImageObject","inLanguage":"es","@id":"https:\/\/www.izarkom.eus\/es\/presentamos-juntos-el-manifiesto-piztu-alternatiba\/#primaryimage","url":"https:\/\/www.izarkom.eus\/wp-content\/uploads\/2025\/05\/photo_2_2025-05-27_12-42-45.jpg","contentUrl":"https:\/\/www.izarkom.eus\/wp-content\/uploads\/2025\/05\/photo_2_2025-05-27_12-42-45.jpg","width":1280,"height":722},{"@type":"BreadcrumbList","@id":"https:\/\/www.izarkom.eus\/es\/presentamos-juntos-el-manifiesto-piztu-alternatiba\/#breadcrumb","itemListElement":[{"@type":"ListItem","position":1,"name":"Home","item":"https:\/\/www.izarkom.eus\/"},{"@type":"ListItem","position":2,"name":"PRESENTAMOS JUNTOS EL MANIFIESTO \u201cENCIENDE ALTERNATIVAS\u201d"}]},{"@type":"WebSite","@id":"https:\/\/www.izarkom.eus\/#website","url":"https:\/\/www.izarkom.eus\/","name":"izarkom","description":"Izarkom, Euskal Herriko telekomunikazio kooperatiba","potentialAction":[{"@type":"SearchAction","target":{"@type":"EntryPoint","urlTemplate":"https:\/\/www.izarkom.eus\/?s={search_term_string}"},"query-input":{"@type":"PropertyValueSpecification","valueRequired":true,"valueName":"search_term_string"}}],"inLanguage":"es"},{"@type":"Person","@id":"https:\/\/www.izarkom.eus\/#\/schema\/person\/56365137280c1e53dc4fe6bc34d7a976","name":"Garaialde(e)ko Gari","url":"https:\/\/www.izarkom.eus\/es\/author\/gari-garaialde\/"}]}},"_links":{"self":[{"href":"https:\/\/www.izarkom.eus\/es\/wp-json\/wp\/v2\/posts\/22803","targetHints":{"allow":["GET"]}}],"collection":[{"href":"https:\/\/www.izarkom.eus\/es\/wp-json\/wp\/v2\/posts"}],"about":[{"href":"https:\/\/www.izarkom.eus\/es\/wp-json\/wp\/v2\/types\/post"}],"author":[{"embeddable":true,"href":"https:\/\/www.izarkom.eus\/es\/wp-json\/wp\/v2\/users\/5"}],"replies":[{"embeddable":true,"href":"https:\/\/www.izarkom.eus\/es\/wp-json\/wp\/v2\/comments?post=22803"}],"version-history":[{"count":5,"href":"https:\/\/www.izarkom.eus\/es\/wp-json\/wp\/v2\/posts\/22803\/revisions"}],"predecessor-version":[{"id":22836,"href":"https:\/\/www.izarkom.eus\/es\/wp-json\/wp\/v2\/posts\/22803\/revisions\/22836"}],"wp:featuredmedia":[{"embeddable":true,"href":"https:\/\/www.izarkom.eus\/es\/wp-json\/wp\/v2\/media\/22787"}],"wp:attachment":[{"href":"https:\/\/www.izarkom.eus\/es\/wp-json\/wp\/v2\/media?parent=22803"}],"wp:term":[{"taxonomy":"category","embeddable":true,"href":"https:\/\/www.izarkom.eus\/es\/wp-json\/wp\/v2\/categories?post=22803"},{"taxonomy":"post_tag","embeddable":true,"href":"https:\/\/www.izarkom.eus\/es\/wp-json\/wp\/v2\/tags?post=22803"}],"curies":[{"name":"wp","href":"https:\/\/api.w.org\/{rel}","templated":true}]}}