{"id":22039,"date":"2025-01-22T12:10:30","date_gmt":"2025-01-22T11:10:30","guid":{"rendered":"https:\/\/www.izarkom.eus\/17a-temporada-de-egunean-behin-empezara-el-27-de-enero\/"},"modified":"2025-03-31T12:46:21","modified_gmt":"2025-03-31T10:46:21","slug":"17a-temporada-de-egunean-behin-empezara-el-27-de-enero","status":"publish","type":"post","link":"https:\/\/www.izarkom.eus\/es\/17a-temporada-de-egunean-behin-empezara-el-27-de-enero\/","title":{"rendered":"17\u00aa temporada de \u00abEgunean Behin\u00bb empezar\u00e1 el 27 de enero"},"content":{"rendered":"<p>[et_pb_section fb_built=\u00bb1&#8243; _builder_version=\u00bb4.16&#8243; custom_padding=\u00bb||||false|false\u00bb da_disable_devices=\u00bboff|off|off\u00bb global_colors_info=\u00bb{}\u00bb da_is_popup=\u00bboff\u00bb da_exit_intent=\u00bboff\u00bb da_has_close=\u00bbon\u00bb da_alt_close=\u00bboff\u00bb da_dark_close=\u00bboff\u00bb da_not_modal=\u00bbon\u00bb da_is_singular=\u00bboff\u00bb da_with_loader=\u00bboff\u00bb da_has_shadow=\u00bbon\u00bb][et_pb_row _builder_version=\u00bb4.16&#8243; background_size=\u00bbinitial\u00bb background_position=\u00bbtop_left\u00bb background_repeat=\u00bbrepeat\u00bb custom_margin=\u00bb0px||||false|false\u00bb custom_padding=\u00bb25px||26px|||\u00bb global_colors_info=\u00bb{}\u00bb][et_pb_column type=\u00bb4_4&#8243; _builder_version=\u00bb4.16&#8243; custom_padding=\u00bb|||\u00bb global_colors_info=\u00bb{}\u00bb custom_padding__hover=\u00bb|||\u00bb][et_pb_text _builder_version=\u00bb4.25.1&#8243; text_font=\u00bbPoppins|300|||||||\u00bb text_font_size=\u00bb16px\u00bb header_3_font_size=\u00bb20px\u00bb background_size=\u00bbinitial\u00bb background_position=\u00bbtop_left\u00bb background_repeat=\u00bbrepeat\u00bb custom_padding=\u00bb||0px|||\u00bb hover_enabled=\u00bb0&#8243; global_colors_info=\u00bb{}\u00bb sticky_enabled=\u00bb0&#8243;]<\/p>\n<p>Egunean behin despertar\u00e1 del letargo <strong>el 27 de enero<\/strong> con nuevas preguntas que han preparado para la temporada 17. Como sab\u00e9is, jugando una partida cada d\u00eda, el objetivo del juego es responder 10 preguntas lo antes posible.<\/p>\n<p>\u00a1Cuanto m\u00e1s aciertos, cuanto m\u00e1s r\u00e1pido, mejor!<\/p>\n<p>Una vez m\u00e1s organizaremos la <strong>LIGA IZARKOM<\/strong> para que podamos competir entre nosotrxs. La Liga, Izarkom est\u00e1 abierta para lsocixs y no socixs, todo aquel\/la que lo desee puede participar pinchando en<a href=\"https:\/\/eguneanbehin.app.link\/dYio2uR0pdb\" target=\"_blank\" rel=\"noopener\"> este enlace<\/a> o utilizando la clave 99C64A.<\/p>\n<h2>Premios<\/h2>\n<p>Cada semana repartiremos una camiseta por sorteo y al final de temporada, jersey con capucha.<\/p>\n<p>* Con el fin de ampliar el n\u00famero de personas premiadas, en esta liga no entregaremos el premio dos veces a la misma persona. As\u00ed que si el\/la ganador\/a se repite, se volver\u00e1 a sortear.<\/p>\n<h2>Ganadorxs semana a semana<\/h2>\n<p>Las personas ganadoras ser\u00e1n informadas en la propia aplicaci\u00f3n y para hacerse con los premios habr\u00e1 que escribir a arreta@izarkom.eus.<\/p>\n<p>\u00a1An\u00edmate y participa!<\/p>\n<p>[\/et_pb_text][\/et_pb_column][\/et_pb_row][\/et_pb_section]<\/p>\n","protected":false},"excerpt":{"rendered":"<p>Egunean behin despertar\u00e1 del letargo el 27 de enero con nuevas preguntas que han preparado para la temporada 17. Como sab\u00e9is, jugando una partida cada d\u00eda, el objetivo del juego es responder 10 preguntas lo antes posible.<\/p>\n","protected":false},"author":5,"featured_media":20714,"comment_status":"closed","ping_status":"closed","sticky":false,"template":"","format":"standard","meta":{"_et_pb_use_builder":"on","_et_pb_old_content":"","_et_gb_content_width":"","footnotes":""},"categories":[60],"tags":[],"class_list":["post-22039","post","type-post","status-publish","format-standard","has-post-thumbnail","hentry","category-berriak-es-2"],"yoast_head":"<!-- This site is optimized with the Yoast SEO plugin v27.5 - https:\/\/yoast.com\/product\/yoast-seo-wordpress\/ -->\n<title>17\u00aa temporada de &quot;Egunean Behin&quot; empezar\u00e1 el 27 de enero - izarkom<\/title>\n<meta name=\"description\" content=\"Utilizar la clave 99C64A para participar en la Liga Izarkom\" \/>\n<meta name=\"robots\" content=\"index, follow, max-snippet:-1, max-image-preview:large, max-video-preview:-1\" \/>\n<link rel=\"canonical\" href=\"https:\/\/www.izarkom.eus\/es\/17a-temporada-de-egunean-behin-empezara-el-27-de-enero\/\" \/>\n<meta property=\"og:locale\" content=\"es_ES\" \/>\n<meta property=\"og:type\" content=\"article\" \/>\n<meta property=\"og:title\" content=\"17\u00aa temporada de &quot;Egunean Behin&quot; empezar\u00e1 el 27 de enero\" \/>\n<meta property=\"og:description\" content=\"Una vez m\u00e1s organizaremos la LIGA IZARKOM para que podamos competir entre nosotrxs. La Liga, Izarkom est\u00e1 abierta para lsocixs y no socixs, todo aquel\/la que lo desee puede participar pinchando en este enlace o utilizando la clave 99C64A.\" \/>\n<meta property=\"og:url\" content=\"https:\/\/www.izarkom.eus\/es\/17a-temporada-de-egunean-behin-empezara-el-27-de-enero\/\" \/>\n<meta property=\"og:site_name\" content=\"izarkom\" \/>\n<meta property=\"article:published_time\" content=\"2025-01-22T11:10:30+00:00\" \/>\n<meta property=\"article:modified_time\" content=\"2025-03-31T10:46:21+00:00\" \/>\n<meta property=\"og:image\" content=\"https:\/\/www.izarkom.eus\/wp-content\/uploads\/2025\/01\/EguneaBehin.jpg\" \/>\n<meta name=\"author\" content=\"Garaialde(e)ko Gari\" \/>\n<meta name=\"twitter:card\" content=\"summary_large_image\" \/>\n<meta name=\"twitter:label1\" content=\"Escrito por\" \/>\n\t<meta name=\"twitter:data1\" content=\"Garaialde(e)ko Gari\" \/>\n\t<meta name=\"twitter:label2\" content=\"Tiempo de lectura\" \/>\n\t<meta name=\"twitter:data2\" content=\"2 minutos\" \/>\n<script type=\"application\/ld+json\" class=\"yoast-schema-graph\">{\"@context\":\"https:\\\/\\\/schema.org\",\"@graph\":[{\"@type\":\"Article\",\"@id\":\"https:\\\/\\\/www.izarkom.eus\\\/es\\\/17a-temporada-de-egunean-behin-empezara-el-27-de-enero\\\/#article\",\"isPartOf\":{\"@id\":\"https:\\\/\\\/www.izarkom.eus\\\/es\\\/17a-temporada-de-egunean-behin-empezara-el-27-de-enero\\\/\"},\"author\":{\"name\":\"Garaialde(e)ko Gari\",\"@id\":\"https:\\\/\\\/www.izarkom.eus\\\/#\\\/schema\\\/person\\\/56365137280c1e53dc4fe6bc34d7a976\"},\"headline\":\"17\u00aa temporada de \u00abEgunean Behin\u00bb empezar\u00e1 el 27 de enero\",\"datePublished\":\"2025-01-22T11:10:30+00:00\",\"dateModified\":\"2025-03-31T10:46:21+00:00\",\"mainEntityOfPage\":{\"@id\":\"https:\\\/\\\/www.izarkom.eus\\\/es\\\/17a-temporada-de-egunean-behin-empezara-el-27-de-enero\\\/\"},\"wordCount\":326,\"image\":{\"@id\":\"https:\\\/\\\/www.izarkom.eus\\\/es\\\/17a-temporada-de-egunean-behin-empezara-el-27-de-enero\\\/#primaryimage\"},\"thumbnailUrl\":\"https:\\\/\\\/www.izarkom.eus\\\/wp-content\\\/uploads\\\/2025\\\/01\\\/EguneaBehin.jpg\",\"articleSection\":[\"Berriak\"],\"inLanguage\":\"es\"},{\"@type\":\"WebPage\",\"@id\":\"https:\\\/\\\/www.izarkom.eus\\\/es\\\/17a-temporada-de-egunean-behin-empezara-el-27-de-enero\\\/\",\"url\":\"https:\\\/\\\/www.izarkom.eus\\\/es\\\/17a-temporada-de-egunean-behin-empezara-el-27-de-enero\\\/\",\"name\":\"17\u00aa temporada de \\\"Egunean Behin\\\" empezar\u00e1 el 27 de enero - izarkom\",\"isPartOf\":{\"@id\":\"https:\\\/\\\/www.izarkom.eus\\\/#website\"},\"primaryImageOfPage\":{\"@id\":\"https:\\\/\\\/www.izarkom.eus\\\/es\\\/17a-temporada-de-egunean-behin-empezara-el-27-de-enero\\\/#primaryimage\"},\"image\":{\"@id\":\"https:\\\/\\\/www.izarkom.eus\\\/es\\\/17a-temporada-de-egunean-behin-empezara-el-27-de-enero\\\/#primaryimage\"},\"thumbnailUrl\":\"https:\\\/\\\/www.izarkom.eus\\\/wp-content\\\/uploads\\\/2025\\\/01\\\/EguneaBehin.jpg\",\"datePublished\":\"2025-01-22T11:10:30+00:00\",\"dateModified\":\"2025-03-31T10:46:21+00:00\",\"author\":{\"@id\":\"https:\\\/\\\/www.izarkom.eus\\\/#\\\/schema\\\/person\\\/56365137280c1e53dc4fe6bc34d7a976\"},\"description\":\"Utilizar la clave 99C64A para participar en la Liga Izarkom\",\"breadcrumb\":{\"@id\":\"https:\\\/\\\/www.izarkom.eus\\\/es\\\/17a-temporada-de-egunean-behin-empezara-el-27-de-enero\\\/#breadcrumb\"},\"inLanguage\":\"es\",\"potentialAction\":[{\"@type\":\"ReadAction\",\"target\":[\"https:\\\/\\\/www.izarkom.eus\\\/es\\\/17a-temporada-de-egunean-behin-empezara-el-27-de-enero\\\/\"]}]},{\"@type\":\"ImageObject\",\"inLanguage\":\"es\",\"@id\":\"https:\\\/\\\/www.izarkom.eus\\\/es\\\/17a-temporada-de-egunean-behin-empezara-el-27-de-enero\\\/#primaryimage\",\"url\":\"https:\\\/\\\/www.izarkom.eus\\\/wp-content\\\/uploads\\\/2025\\\/01\\\/EguneaBehin.jpg\",\"contentUrl\":\"https:\\\/\\\/www.izarkom.eus\\\/wp-content\\\/uploads\\\/2025\\\/01\\\/EguneaBehin.jpg\",\"width\":1024,\"height\":768},{\"@type\":\"BreadcrumbList\",\"@id\":\"https:\\\/\\\/www.izarkom.eus\\\/es\\\/17a-temporada-de-egunean-behin-empezara-el-27-de-enero\\\/#breadcrumb\",\"itemListElement\":[{\"@type\":\"ListItem\",\"position\":1,\"name\":\"Home\",\"item\":\"https:\\\/\\\/www.izarkom.eus\\\/\"},{\"@type\":\"ListItem\",\"position\":2,\"name\":\"17\u00aa temporada de &#8220;Egunean Behin&#8221; empezar\u00e1 el 27 de enero\"}]},{\"@type\":\"WebSite\",\"@id\":\"https:\\\/\\\/www.izarkom.eus\\\/#website\",\"url\":\"https:\\\/\\\/www.izarkom.eus\\\/\",\"name\":\"izarkom\",\"description\":\"Izarkom, Euskal Herriko telekomunikazio kooperatiba\",\"potentialAction\":[{\"@type\":\"SearchAction\",\"target\":{\"@type\":\"EntryPoint\",\"urlTemplate\":\"https:\\\/\\\/www.izarkom.eus\\\/?s={search_term_string}\"},\"query-input\":{\"@type\":\"PropertyValueSpecification\",\"valueRequired\":true,\"valueName\":\"search_term_string\"}}],\"inLanguage\":\"es\"},{\"@type\":\"Person\",\"@id\":\"https:\\\/\\\/www.izarkom.eus\\\/#\\\/schema\\\/person\\\/56365137280c1e53dc4fe6bc34d7a976\",\"name\":\"Garaialde(e)ko Gari\",\"url\":\"https:\\\/\\\/www.izarkom.eus\\\/es\\\/author\\\/gari-garaialde\\\/\"}]}<\/script>\n<!-- \/ Yoast SEO plugin. -->","yoast_head_json":{"title":"17\u00aa temporada de \"Egunean Behin\" empezar\u00e1 el 27 de enero - izarkom","description":"Utilizar la clave 99C64A para participar en la Liga Izarkom","robots":{"index":"index","follow":"follow","max-snippet":"max-snippet:-1","max-image-preview":"max-image-preview:large","max-video-preview":"max-video-preview:-1"},"canonical":"https:\/\/www.izarkom.eus\/es\/17a-temporada-de-egunean-behin-empezara-el-27-de-enero\/","og_locale":"es_ES","og_type":"article","og_title":"17\u00aa temporada de \"Egunean Behin\" empezar\u00e1 el 27 de enero","og_description":"Una vez m\u00e1s organizaremos la LIGA IZARKOM para que podamos competir entre nosotrxs. La Liga, Izarkom est\u00e1 abierta para lsocixs y no socixs, todo aquel\/la que lo desee puede participar pinchando en este enlace o utilizando la clave 99C64A.","og_url":"https:\/\/www.izarkom.eus\/es\/17a-temporada-de-egunean-behin-empezara-el-27-de-enero\/","og_site_name":"izarkom","article_published_time":"2025-01-22T11:10:30+00:00","article_modified_time":"2025-03-31T10:46:21+00:00","og_image":[{"url":"https:\/\/www.izarkom.eus\/wp-content\/uploads\/2025\/01\/EguneaBehin.jpg","type":"","width":"","height":""}],"author":"Garaialde(e)ko Gari","twitter_card":"summary_large_image","twitter_misc":{"Escrito por":"Garaialde(e)ko Gari","Tiempo de lectura":"2 minutos"},"schema":{"@context":"https:\/\/schema.org","@graph":[{"@type":"Article","@id":"https:\/\/www.izarkom.eus\/es\/17a-temporada-de-egunean-behin-empezara-el-27-de-enero\/#article","isPartOf":{"@id":"https:\/\/www.izarkom.eus\/es\/17a-temporada-de-egunean-behin-empezara-el-27-de-enero\/"},"author":{"name":"Garaialde(e)ko Gari","@id":"https:\/\/www.izarkom.eus\/#\/schema\/person\/56365137280c1e53dc4fe6bc34d7a976"},"headline":"17\u00aa temporada de \u00abEgunean Behin\u00bb empezar\u00e1 el 27 de enero","datePublished":"2025-01-22T11:10:30+00:00","dateModified":"2025-03-31T10:46:21+00:00","mainEntityOfPage":{"@id":"https:\/\/www.izarkom.eus\/es\/17a-temporada-de-egunean-behin-empezara-el-27-de-enero\/"},"wordCount":326,"image":{"@id":"https:\/\/www.izarkom.eus\/es\/17a-temporada-de-egunean-behin-empezara-el-27-de-enero\/#primaryimage"},"thumbnailUrl":"https:\/\/www.izarkom.eus\/wp-content\/uploads\/2025\/01\/EguneaBehin.jpg","articleSection":["Berriak"],"inLanguage":"es"},{"@type":"WebPage","@id":"https:\/\/www.izarkom.eus\/es\/17a-temporada-de-egunean-behin-empezara-el-27-de-enero\/","url":"https:\/\/www.izarkom.eus\/es\/17a-temporada-de-egunean-behin-empezara-el-27-de-enero\/","name":"17\u00aa temporada de \"Egunean Behin\" empezar\u00e1 el 27 de enero - izarkom","isPartOf":{"@id":"https:\/\/www.izarkom.eus\/#website"},"primaryImageOfPage":{"@id":"https:\/\/www.izarkom.eus\/es\/17a-temporada-de-egunean-behin-empezara-el-27-de-enero\/#primaryimage"},"image":{"@id":"https:\/\/www.izarkom.eus\/es\/17a-temporada-de-egunean-behin-empezara-el-27-de-enero\/#primaryimage"},"thumbnailUrl":"https:\/\/www.izarkom.eus\/wp-content\/uploads\/2025\/01\/EguneaBehin.jpg","datePublished":"2025-01-22T11:10:30+00:00","dateModified":"2025-03-31T10:46:21+00:00","author":{"@id":"https:\/\/www.izarkom.eus\/#\/schema\/person\/56365137280c1e53dc4fe6bc34d7a976"},"description":"Utilizar la clave 99C64A para participar en la Liga Izarkom","breadcrumb":{"@id":"https:\/\/www.izarkom.eus\/es\/17a-temporada-de-egunean-behin-empezara-el-27-de-enero\/#breadcrumb"},"inLanguage":"es","potentialAction":[{"@type":"ReadAction","target":["https:\/\/www.izarkom.eus\/es\/17a-temporada-de-egunean-behin-empezara-el-27-de-enero\/"]}]},{"@type":"ImageObject","inLanguage":"es","@id":"https:\/\/www.izarkom.eus\/es\/17a-temporada-de-egunean-behin-empezara-el-27-de-enero\/#primaryimage","url":"https:\/\/www.izarkom.eus\/wp-content\/uploads\/2025\/01\/EguneaBehin.jpg","contentUrl":"https:\/\/www.izarkom.eus\/wp-content\/uploads\/2025\/01\/EguneaBehin.jpg","width":1024,"height":768},{"@type":"BreadcrumbList","@id":"https:\/\/www.izarkom.eus\/es\/17a-temporada-de-egunean-behin-empezara-el-27-de-enero\/#breadcrumb","itemListElement":[{"@type":"ListItem","position":1,"name":"Home","item":"https:\/\/www.izarkom.eus\/"},{"@type":"ListItem","position":2,"name":"17\u00aa temporada de &#8220;Egunean Behin&#8221; empezar\u00e1 el 27 de enero"}]},{"@type":"WebSite","@id":"https:\/\/www.izarkom.eus\/#website","url":"https:\/\/www.izarkom.eus\/","name":"izarkom","description":"Izarkom, Euskal Herriko telekomunikazio kooperatiba","potentialAction":[{"@type":"SearchAction","target":{"@type":"EntryPoint","urlTemplate":"https:\/\/www.izarkom.eus\/?s={search_term_string}"},"query-input":{"@type":"PropertyValueSpecification","valueRequired":true,"valueName":"search_term_string"}}],"inLanguage":"es"},{"@type":"Person","@id":"https:\/\/www.izarkom.eus\/#\/schema\/person\/56365137280c1e53dc4fe6bc34d7a976","name":"Garaialde(e)ko Gari","url":"https:\/\/www.izarkom.eus\/es\/author\/gari-garaialde\/"}]}},"_links":{"self":[{"href":"https:\/\/www.izarkom.eus\/es\/wp-json\/wp\/v2\/posts\/22039","targetHints":{"allow":["GET"]}}],"collection":[{"href":"https:\/\/www.izarkom.eus\/es\/wp-json\/wp\/v2\/posts"}],"about":[{"href":"https:\/\/www.izarkom.eus\/es\/wp-json\/wp\/v2\/types\/post"}],"author":[{"embeddable":true,"href":"https:\/\/www.izarkom.eus\/es\/wp-json\/wp\/v2\/users\/5"}],"replies":[{"embeddable":true,"href":"https:\/\/www.izarkom.eus\/es\/wp-json\/wp\/v2\/comments?post=22039"}],"version-history":[{"count":3,"href":"https:\/\/www.izarkom.eus\/es\/wp-json\/wp\/v2\/posts\/22039\/revisions"}],"predecessor-version":[{"id":22043,"href":"https:\/\/www.izarkom.eus\/es\/wp-json\/wp\/v2\/posts\/22039\/revisions\/22043"}],"wp:featuredmedia":[{"embeddable":true,"href":"https:\/\/www.izarkom.eus\/es\/wp-json\/wp\/v2\/media\/20714"}],"wp:attachment":[{"href":"https:\/\/www.izarkom.eus\/es\/wp-json\/wp\/v2\/media?parent=22039"}],"wp:term":[{"taxonomy":"category","embeddable":true,"href":"https:\/\/www.izarkom.eus\/es\/wp-json\/wp\/v2\/categories?post=22039"},{"taxonomy":"post_tag","embeddable":true,"href":"https:\/\/www.izarkom.eus\/es\/wp-json\/wp\/v2\/tags?post=22039"}],"curies":[{"name":"wp","href":"https:\/\/api.w.org\/{rel}","templated":true}]}}