{"id":22028,"date":"2024-12-06T11:56:13","date_gmt":"2024-12-06T10:56:13","guid":{"rendered":"https:\/\/www.izarkom.eus\/estreno-de-begizta\/"},"modified":"2025-03-31T12:52:54","modified_gmt":"2025-03-31T10:52:54","slug":"estreno-de-begizta","status":"publish","type":"post","link":"https:\/\/www.izarkom.eus\/es\/estreno-de-begizta\/","title":{"rendered":"\u00a1Estreno de Begizta!"},"content":{"rendered":"<p>[et_pb_section fb_built=\u00bb1&#8243; _builder_version=\u00bb4.23.1&#8243; background_color=\u00bbRGBA(255,255,255,0)\u00bb da_disable_devices=\u00bboff|off|off\u00bb global_colors_info=\u00bb{}\u00bb da_is_popup=\u00bboff\u00bb da_exit_intent=\u00bboff\u00bb da_has_close=\u00bbon\u00bb da_alt_close=\u00bboff\u00bb da_dark_close=\u00bboff\u00bb da_not_modal=\u00bbon\u00bb da_is_singular=\u00bboff\u00bb da_with_loader=\u00bboff\u00bb da_has_shadow=\u00bbon\u00bb][et_pb_row _builder_version=\u00bb4.22.1&#8243; background_color=\u00bbRGBA(255,255,255,0)\u00bb background_size=\u00bbinitial\u00bb background_position=\u00bbtop_left\u00bb background_repeat=\u00bbrepeat\u00bb width_tablet=\u00bb\u00bb width_phone=\u00bb100%\u00bb width_last_edited=\u00bbon|phone\u00bb global_colors_info=\u00bb{}\u00bb][et_pb_column type=\u00bb4_4&#8243; _builder_version=\u00bb4.22.1&#8243; background_color=\u00bbRGBA(255,255,255,0)\u00bb custom_padding=\u00bb|||\u00bb global_colors_info=\u00bb{}\u00bb custom_padding__hover=\u00bb|||\u00bb][et_pb_text _builder_version=\u00bb4.25.1&#8243; text_font_size=\u00bb16px\u00bb text_line_height=\u00bb1.8em\u00bb header_font_size=\u00bb19px\u00bb header_3_font=\u00bbPoppins|300|||||||\u00bb header_3_font_size=\u00bb20px\u00bb background_color=\u00bbRGBA(255,255,255,0)\u00bb background_size=\u00bbinitial\u00bb background_position=\u00bbtop_left\u00bb background_repeat=\u00bbrepeat\u00bb text_orientation=\u00bbjustified\u00bb hover_enabled=\u00bb0&#8243; global_colors_info=\u00bb{}\u00bb sticky_enabled=\u00bb0&#8243;]<\/p>\n<h3 style=\"text-align: justify;\"><em>Los medios de comunicaci\u00f3n locales como protagonistas<\/em><\/h3>\n<p style=\"text-align: justify;\">El objetivo de la plataforma Begizta es ser el punto de encuentro de Euskal Herria y de todos los canales de televisi\u00f3n que emiten en euskera. All\u00ed se podr\u00e1n ver, entre otros, ETB, HamaikaTB, Goiena, Kanaldude o Xaloa.<\/p>\n<p style=\"text-align: justify;\">Iker Garaialde (Izarkom): \u00abUn puente para que las televisiones locales en euskera lleguen a todxs los vascxs y al mismo tiempo ofrezcan a todos lxs ciudadanxs el acceso a todos los contenidos que surjan en Euskal Herria.\u00bb<\/p>\n<p style=\"text-align: justify;\">Esta tarde se ha presentado Begizta en Landakogunea (Durangoko Azoka). En la presentaci\u00f3n han estado presentes el concejal de O\u00f1ati y responsable de Onaro Herri Telekomunikabide, Xabier Igartua e Iker Garaialde, director de Izarkom, Cooperativa de Telecomunicaciones del Pa\u00eds Vasco, para dar a conocer los detalles y caracter\u00edsticas de la nueva plataforma televisiva.<\/p>\n<p>Seg\u00fan han anunciado sus creadores, Begizta estar\u00e1 disponible a trav\u00e9s de navegadores web o televisores inteligentes a partir del 2 de enero y el servicio lo ofrecer\u00e1n inicialmente los operadores de telecomunicaciones Izarkom y Onaro.<\/p>\n<p style=\"text-align: justify;\">Entre sus principales caracter\u00edsticas, destacan la forma de visualizarlo a trav\u00e9s de diferentes dispositivos, el control de reproducci\u00f3n o la posibilidad de crear 5 perfiles.<\/p>\n<p style=\"text-align: justify;\">\u00a0<\/p>\n<p>[\/et_pb_text][\/et_pb_column][\/et_pb_row][\/et_pb_section]<\/p>\n","protected":false},"excerpt":{"rendered":"<p>Los medios de comunicaci\u00f3n locales como protagonistas El objetivo de la plataforma Begizta es ser el punto de encuentro de Euskal Herria y de todos los canales de televisi\u00f3n que [&hellip;]<\/p>\n","protected":false},"author":5,"featured_media":18843,"comment_status":"closed","ping_status":"closed","sticky":false,"template":"","format":"standard","meta":{"_et_pb_use_builder":"on","_et_pb_old_content":"","_et_gb_content_width":"","footnotes":""},"categories":[60],"tags":[200,204,207,205,206],"class_list":["post-22028","post","type-post","status-publish","format-standard","has-post-thumbnail","hentry","category-berriak-es-2","tag-egutegia-es","tag-euskara-es","tag-plataforma-es","tag-tokiko-telebista-es","tag-zerbitzua-es"],"yoast_head":"<!-- This site is optimized with the Yoast SEO plugin v27.5 - https:\/\/yoast.com\/product\/yoast-seo-wordpress\/ -->\n<title>\u00a1Estreno de Begizta! - izarkom<\/title>\n<meta name=\"description\" content=\"Begizta ser\u00e1 visible a trav\u00e9s de navegador web o en televisiones inteligentes a partir del 2 de enero\" \/>\n<meta name=\"robots\" content=\"index, follow, max-snippet:-1, max-image-preview:large, max-video-preview:-1\" \/>\n<link rel=\"canonical\" href=\"https:\/\/www.izarkom.eus\/es\/estreno-de-begizta\/\" \/>\n<meta property=\"og:locale\" content=\"es_ES\" \/>\n<meta property=\"og:type\" content=\"article\" \/>\n<meta property=\"og:title\" content=\"\u00a1Estreno de Begizta! - izarkom\" \/>\n<meta property=\"og:description\" content=\"Begizta ser\u00e1 visible a trav\u00e9s de navegador web o en televisiones inteligentes a partir del 2 de enero\" \/>\n<meta property=\"og:url\" content=\"https:\/\/www.izarkom.eus\/es\/estreno-de-begizta\/\" \/>\n<meta property=\"og:site_name\" content=\"izarkom\" \/>\n<meta property=\"article:published_time\" content=\"2024-12-06T10:56:13+00:00\" \/>\n<meta property=\"article:modified_time\" content=\"2025-03-31T10:52:54+00:00\" \/>\n<meta property=\"og:image\" content=\"https:\/\/www.izarkom.eus\/wp-content\/uploads\/2024\/12\/GeIL0O6WIAA4op2.jpeg\" \/>\n\t<meta property=\"og:image:width\" content=\"2048\" \/>\n\t<meta property=\"og:image:height\" content=\"1536\" \/>\n\t<meta property=\"og:image:type\" content=\"image\/jpeg\" \/>\n<meta name=\"author\" content=\"Garaialde(e)ko Gari\" \/>\n<meta name=\"twitter:card\" content=\"summary_large_image\" \/>\n<meta name=\"twitter:label1\" content=\"Escrito por\" \/>\n\t<meta name=\"twitter:data1\" content=\"Garaialde(e)ko Gari\" \/>\n\t<meta name=\"twitter:label2\" content=\"Tiempo de lectura\" \/>\n\t<meta name=\"twitter:data2\" content=\"2 minutos\" \/>\n<script type=\"application\/ld+json\" class=\"yoast-schema-graph\">{\"@context\":\"https:\\\/\\\/schema.org\",\"@graph\":[{\"@type\":\"Article\",\"@id\":\"https:\\\/\\\/www.izarkom.eus\\\/es\\\/estreno-de-begizta\\\/#article\",\"isPartOf\":{\"@id\":\"https:\\\/\\\/www.izarkom.eus\\\/es\\\/estreno-de-begizta\\\/\"},\"author\":{\"name\":\"Garaialde(e)ko Gari\",\"@id\":\"https:\\\/\\\/www.izarkom.eus\\\/#\\\/schema\\\/person\\\/56365137280c1e53dc4fe6bc34d7a976\"},\"headline\":\"\u00a1Estreno de Begizta!\",\"datePublished\":\"2024-12-06T10:56:13+00:00\",\"dateModified\":\"2025-03-31T10:52:54+00:00\",\"mainEntityOfPage\":{\"@id\":\"https:\\\/\\\/www.izarkom.eus\\\/es\\\/estreno-de-begizta\\\/\"},\"wordCount\":370,\"image\":{\"@id\":\"https:\\\/\\\/www.izarkom.eus\\\/es\\\/estreno-de-begizta\\\/#primaryimage\"},\"thumbnailUrl\":\"https:\\\/\\\/www.izarkom.eus\\\/wp-content\\\/uploads\\\/2024\\\/12\\\/GeIL0O6WIAA4op2.jpeg\",\"keywords\":[\"egutegia\",\"euskara\",\"plataforma\",\"tokiko telebista\",\"zerbitzua\"],\"articleSection\":[\"Berriak\"],\"inLanguage\":\"es\"},{\"@type\":\"WebPage\",\"@id\":\"https:\\\/\\\/www.izarkom.eus\\\/es\\\/estreno-de-begizta\\\/\",\"url\":\"https:\\\/\\\/www.izarkom.eus\\\/es\\\/estreno-de-begizta\\\/\",\"name\":\"\u00a1Estreno de Begizta! - izarkom\",\"isPartOf\":{\"@id\":\"https:\\\/\\\/www.izarkom.eus\\\/#website\"},\"primaryImageOfPage\":{\"@id\":\"https:\\\/\\\/www.izarkom.eus\\\/es\\\/estreno-de-begizta\\\/#primaryimage\"},\"image\":{\"@id\":\"https:\\\/\\\/www.izarkom.eus\\\/es\\\/estreno-de-begizta\\\/#primaryimage\"},\"thumbnailUrl\":\"https:\\\/\\\/www.izarkom.eus\\\/wp-content\\\/uploads\\\/2024\\\/12\\\/GeIL0O6WIAA4op2.jpeg\",\"datePublished\":\"2024-12-06T10:56:13+00:00\",\"dateModified\":\"2025-03-31T10:52:54+00:00\",\"author\":{\"@id\":\"https:\\\/\\\/www.izarkom.eus\\\/#\\\/schema\\\/person\\\/56365137280c1e53dc4fe6bc34d7a976\"},\"description\":\"Begizta ser\u00e1 visible a trav\u00e9s de navegador web o en televisiones inteligentes a partir del 2 de enero\",\"breadcrumb\":{\"@id\":\"https:\\\/\\\/www.izarkom.eus\\\/es\\\/estreno-de-begizta\\\/#breadcrumb\"},\"inLanguage\":\"es\",\"potentialAction\":[{\"@type\":\"ReadAction\",\"target\":[\"https:\\\/\\\/www.izarkom.eus\\\/es\\\/estreno-de-begizta\\\/\"]}]},{\"@type\":\"ImageObject\",\"inLanguage\":\"es\",\"@id\":\"https:\\\/\\\/www.izarkom.eus\\\/es\\\/estreno-de-begizta\\\/#primaryimage\",\"url\":\"https:\\\/\\\/www.izarkom.eus\\\/wp-content\\\/uploads\\\/2024\\\/12\\\/GeIL0O6WIAA4op2.jpeg\",\"contentUrl\":\"https:\\\/\\\/www.izarkom.eus\\\/wp-content\\\/uploads\\\/2024\\\/12\\\/GeIL0O6WIAA4op2.jpeg\",\"width\":2048,\"height\":1536},{\"@type\":\"BreadcrumbList\",\"@id\":\"https:\\\/\\\/www.izarkom.eus\\\/es\\\/estreno-de-begizta\\\/#breadcrumb\",\"itemListElement\":[{\"@type\":\"ListItem\",\"position\":1,\"name\":\"Home\",\"item\":\"https:\\\/\\\/www.izarkom.eus\\\/\"},{\"@type\":\"ListItem\",\"position\":2,\"name\":\"\u00a1Estreno de Begizta!\"}]},{\"@type\":\"WebSite\",\"@id\":\"https:\\\/\\\/www.izarkom.eus\\\/#website\",\"url\":\"https:\\\/\\\/www.izarkom.eus\\\/\",\"name\":\"izarkom\",\"description\":\"Izarkom, Euskal Herriko telekomunikazio kooperatiba\",\"potentialAction\":[{\"@type\":\"SearchAction\",\"target\":{\"@type\":\"EntryPoint\",\"urlTemplate\":\"https:\\\/\\\/www.izarkom.eus\\\/?s={search_term_string}\"},\"query-input\":{\"@type\":\"PropertyValueSpecification\",\"valueRequired\":true,\"valueName\":\"search_term_string\"}}],\"inLanguage\":\"es\"},{\"@type\":\"Person\",\"@id\":\"https:\\\/\\\/www.izarkom.eus\\\/#\\\/schema\\\/person\\\/56365137280c1e53dc4fe6bc34d7a976\",\"name\":\"Garaialde(e)ko Gari\",\"url\":\"https:\\\/\\\/www.izarkom.eus\\\/es\\\/author\\\/gari-garaialde\\\/\"}]}<\/script>\n<!-- \/ Yoast SEO plugin. -->","yoast_head_json":{"title":"\u00a1Estreno de Begizta! - izarkom","description":"Begizta ser\u00e1 visible a trav\u00e9s de navegador web o en televisiones inteligentes a partir del 2 de enero","robots":{"index":"index","follow":"follow","max-snippet":"max-snippet:-1","max-image-preview":"max-image-preview:large","max-video-preview":"max-video-preview:-1"},"canonical":"https:\/\/www.izarkom.eus\/es\/estreno-de-begizta\/","og_locale":"es_ES","og_type":"article","og_title":"\u00a1Estreno de Begizta! - izarkom","og_description":"Begizta ser\u00e1 visible a trav\u00e9s de navegador web o en televisiones inteligentes a partir del 2 de enero","og_url":"https:\/\/www.izarkom.eus\/es\/estreno-de-begizta\/","og_site_name":"izarkom","article_published_time":"2024-12-06T10:56:13+00:00","article_modified_time":"2025-03-31T10:52:54+00:00","og_image":[{"width":2048,"height":1536,"url":"https:\/\/www.izarkom.eus\/wp-content\/uploads\/2024\/12\/GeIL0O6WIAA4op2.jpeg","type":"image\/jpeg"}],"author":"Garaialde(e)ko Gari","twitter_card":"summary_large_image","twitter_misc":{"Escrito por":"Garaialde(e)ko Gari","Tiempo de lectura":"2 minutos"},"schema":{"@context":"https:\/\/schema.org","@graph":[{"@type":"Article","@id":"https:\/\/www.izarkom.eus\/es\/estreno-de-begizta\/#article","isPartOf":{"@id":"https:\/\/www.izarkom.eus\/es\/estreno-de-begizta\/"},"author":{"name":"Garaialde(e)ko Gari","@id":"https:\/\/www.izarkom.eus\/#\/schema\/person\/56365137280c1e53dc4fe6bc34d7a976"},"headline":"\u00a1Estreno de Begizta!","datePublished":"2024-12-06T10:56:13+00:00","dateModified":"2025-03-31T10:52:54+00:00","mainEntityOfPage":{"@id":"https:\/\/www.izarkom.eus\/es\/estreno-de-begizta\/"},"wordCount":370,"image":{"@id":"https:\/\/www.izarkom.eus\/es\/estreno-de-begizta\/#primaryimage"},"thumbnailUrl":"https:\/\/www.izarkom.eus\/wp-content\/uploads\/2024\/12\/GeIL0O6WIAA4op2.jpeg","keywords":["egutegia","euskara","plataforma","tokiko telebista","zerbitzua"],"articleSection":["Berriak"],"inLanguage":"es"},{"@type":"WebPage","@id":"https:\/\/www.izarkom.eus\/es\/estreno-de-begizta\/","url":"https:\/\/www.izarkom.eus\/es\/estreno-de-begizta\/","name":"\u00a1Estreno de Begizta! - izarkom","isPartOf":{"@id":"https:\/\/www.izarkom.eus\/#website"},"primaryImageOfPage":{"@id":"https:\/\/www.izarkom.eus\/es\/estreno-de-begizta\/#primaryimage"},"image":{"@id":"https:\/\/www.izarkom.eus\/es\/estreno-de-begizta\/#primaryimage"},"thumbnailUrl":"https:\/\/www.izarkom.eus\/wp-content\/uploads\/2024\/12\/GeIL0O6WIAA4op2.jpeg","datePublished":"2024-12-06T10:56:13+00:00","dateModified":"2025-03-31T10:52:54+00:00","author":{"@id":"https:\/\/www.izarkom.eus\/#\/schema\/person\/56365137280c1e53dc4fe6bc34d7a976"},"description":"Begizta ser\u00e1 visible a trav\u00e9s de navegador web o en televisiones inteligentes a partir del 2 de enero","breadcrumb":{"@id":"https:\/\/www.izarkom.eus\/es\/estreno-de-begizta\/#breadcrumb"},"inLanguage":"es","potentialAction":[{"@type":"ReadAction","target":["https:\/\/www.izarkom.eus\/es\/estreno-de-begizta\/"]}]},{"@type":"ImageObject","inLanguage":"es","@id":"https:\/\/www.izarkom.eus\/es\/estreno-de-begizta\/#primaryimage","url":"https:\/\/www.izarkom.eus\/wp-content\/uploads\/2024\/12\/GeIL0O6WIAA4op2.jpeg","contentUrl":"https:\/\/www.izarkom.eus\/wp-content\/uploads\/2024\/12\/GeIL0O6WIAA4op2.jpeg","width":2048,"height":1536},{"@type":"BreadcrumbList","@id":"https:\/\/www.izarkom.eus\/es\/estreno-de-begizta\/#breadcrumb","itemListElement":[{"@type":"ListItem","position":1,"name":"Home","item":"https:\/\/www.izarkom.eus\/"},{"@type":"ListItem","position":2,"name":"\u00a1Estreno de Begizta!"}]},{"@type":"WebSite","@id":"https:\/\/www.izarkom.eus\/#website","url":"https:\/\/www.izarkom.eus\/","name":"izarkom","description":"Izarkom, Euskal Herriko telekomunikazio kooperatiba","potentialAction":[{"@type":"SearchAction","target":{"@type":"EntryPoint","urlTemplate":"https:\/\/www.izarkom.eus\/?s={search_term_string}"},"query-input":{"@type":"PropertyValueSpecification","valueRequired":true,"valueName":"search_term_string"}}],"inLanguage":"es"},{"@type":"Person","@id":"https:\/\/www.izarkom.eus\/#\/schema\/person\/56365137280c1e53dc4fe6bc34d7a976","name":"Garaialde(e)ko Gari","url":"https:\/\/www.izarkom.eus\/es\/author\/gari-garaialde\/"}]}},"_links":{"self":[{"href":"https:\/\/www.izarkom.eus\/es\/wp-json\/wp\/v2\/posts\/22028","targetHints":{"allow":["GET"]}}],"collection":[{"href":"https:\/\/www.izarkom.eus\/es\/wp-json\/wp\/v2\/posts"}],"about":[{"href":"https:\/\/www.izarkom.eus\/es\/wp-json\/wp\/v2\/types\/post"}],"author":[{"embeddable":true,"href":"https:\/\/www.izarkom.eus\/es\/wp-json\/wp\/v2\/users\/5"}],"replies":[{"embeddable":true,"href":"https:\/\/www.izarkom.eus\/es\/wp-json\/wp\/v2\/comments?post=22028"}],"version-history":[{"count":2,"href":"https:\/\/www.izarkom.eus\/es\/wp-json\/wp\/v2\/posts\/22028\/revisions"}],"predecessor-version":[{"id":22030,"href":"https:\/\/www.izarkom.eus\/es\/wp-json\/wp\/v2\/posts\/22028\/revisions\/22030"}],"wp:featuredmedia":[{"embeddable":true,"href":"https:\/\/www.izarkom.eus\/es\/wp-json\/wp\/v2\/media\/18843"}],"wp:attachment":[{"href":"https:\/\/www.izarkom.eus\/es\/wp-json\/wp\/v2\/media?parent=22028"}],"wp:term":[{"taxonomy":"category","embeddable":true,"href":"https:\/\/www.izarkom.eus\/es\/wp-json\/wp\/v2\/categories?post=22028"},{"taxonomy":"post_tag","embeddable":true,"href":"https:\/\/www.izarkom.eus\/es\/wp-json\/wp\/v2\/tags?post=22028"}],"curies":[{"name":"wp","href":"https:\/\/api.w.org\/{rel}","templated":true}]}}