{"id":18206,"date":"2024-08-08T13:45:19","date_gmt":"2024-08-08T11:45:19","guid":{"rendered":"https:\/\/www.izarkom.eus\/?p=18206"},"modified":"2025-03-31T11:07:32","modified_gmt":"2025-03-31T09:07:32","slug":"bilboko-konpartsak-e-izarkom-en-colaboracion","status":"publish","type":"post","link":"https:\/\/www.izarkom.eus\/es\/bilboko-konpartsak-e-izarkom-en-colaboracion\/","title":{"rendered":"Bilboko Konpartsak e Izarkom en colaboraci\u00f3n"},"content":{"rendered":"<p>[et_pb_section fb_built=\u00bb1&#8243; _builder_version=\u00bb4.23.1&#8243; background_color=\u00bbRGBA(255,255,255,0)\u00bb da_disable_devices=\u00bboff|off|off\u00bb global_colors_info=\u00bb{}\u00bb da_is_popup=\u00bboff\u00bb da_exit_intent=\u00bboff\u00bb da_has_close=\u00bbon\u00bb da_alt_close=\u00bboff\u00bb da_dark_close=\u00bboff\u00bb da_not_modal=\u00bbon\u00bb da_is_singular=\u00bboff\u00bb da_with_loader=\u00bboff\u00bb da_has_shadow=\u00bbon\u00bb][et_pb_row _builder_version=\u00bb4.22.1&#8243; background_color=\u00bbRGBA(255,255,255,0)\u00bb background_size=\u00bbinitial\u00bb background_position=\u00bbtop_left\u00bb background_repeat=\u00bbrepeat\u00bb width_tablet=\u00bb\u00bb width_phone=\u00bb100%\u00bb width_last_edited=\u00bbon|phone\u00bb global_colors_info=\u00bb{}\u00bb][et_pb_column type=\u00bb4_4&#8243; _builder_version=\u00bb4.22.1&#8243; background_color=\u00bbRGBA(255,255,255,0)\u00bb custom_padding=\u00bb|||\u00bb global_colors_info=\u00bb{}\u00bb custom_padding__hover=\u00bb|||\u00bb][et_pb_text _builder_version=\u00bb4.25.1&#8243; text_font_size=\u00bb16px\u00bb text_line_height=\u00bb1.8em\u00bb header_font_size=\u00bb19px\u00bb header_3_font=\u00bbPoppins|300|||||||\u00bb header_3_font_size=\u00bb20px\u00bb background_color=\u00bbRGBA(255,255,255,0)\u00bb background_size=\u00bbinitial\u00bb background_position=\u00bbtop_left\u00bb background_repeat=\u00bbrepeat\u00bb text_orientation=\u00bbjustified\u00bb global_colors_info=\u00bb{}\u00bb]<\/p>\n<h1><b>Bilboko Konpartsak ha iniciado una colaboraci\u00f3n con Izarkom para impulsar la soberan\u00eda de telecomunicaciones.<\/b><\/h1>\n<h3><span style=\"font-size: large;\">La federaci\u00f3n de comparsas de Bilbao trabaja en favor de las fiestas populares y soberanas, promoviendo la econom\u00eda social, las cooperativas locales y las alternativas de consumo. En este camino se ha asociado a Izarkom y est\u00e1 transformando sus servicios de internet y m\u00f3viles. Adem\u00e1s, ofrecer\u00e1n por primera vez en Aste Nagusia una red wifi libre en colaboraci\u00f3n.<\/span><\/h3>\n<p>\u00a0<b>\u00bfPo qu\u00e9 Izarkom?<\/b><\/p>\n<p>\u00a0Izarkom es una cooperativa integral sin \u00e1nimo de lucro, un operador alternativo del Pa\u00eds Vasco para profundizar en la soberan\u00eda de las telecomunicaciones. Se trata de un proyecto popular creado en 2017, es decir, un instrumento para decidir y trabajar c\u00f3mo un pueblo o una sociedad quiere recibir sus servicios de telecomunicaciones. Izarkom es una cooperativa creada en euskera y que vive en euskera, por lo que es un operador que adem\u00e1s de ofrecer comunicaci\u00f3n y atenci\u00f3n cercana garantiza los derechos ling\u00fc\u00edsticos. Al ser una entidad sin \u00e1nimo de lucro, todos sus beneficios est\u00e1n destinados a la creaci\u00f3n de redes p\u00fablicas libres y abiertas en colaboraci\u00f3n con el proyecto EHkom, la difusi\u00f3n de nuevos nodos o la realizaci\u00f3n de diferentes campa\u00f1as de sensibilizaci\u00f3n. En la actualidad pueden prestar servicio en Hego Euskal Herria, pero trabaja para evitar los obst\u00e1culos que provoca la divisi\u00f3n administrativa y para poder prestarlos tambi\u00e9n en Iparralde.<\/p>\n<p><b> Derecho a Internet<\/b><\/p>\n<p>\u00a0Desde 2011, la ONU ha publicado diversas resoluciones e informes sobre la necesidad de proteger Internet como un Derecho Humano y pidiendo a los gobiernos que pongan a disposici\u00f3n de todxs lxs ciudadanxs la conexi\u00f3n a Internet. Se ha convertido en un instrumento imprescindible para la informaci\u00f3n, la educaci\u00f3n o el acceso a otros derechos importantes. Pero, la mercantilizaci\u00f3n del acceso a Internet hace que las instituciones p\u00fablicas tengan grandes dificultades y obst\u00e1culos para difundir un acceso digno a la red. As\u00ed, el acceso a Internet se ha extendido especialmente a las ciudades y a los grupos sociales de clase econ\u00f3mica media y alta, dejando la poblaci\u00f3n rural y\/o de ingresos m\u00ednimos con grandes dificultades. Por eso Izarkom es un proyecto de pa\u00eds para poder ejercer democr\u00e1ticamente ese derecho de conexi\u00f3n a Internet en Euskal Herria.<\/p>\n<p>\u00a0<b>Aste Nagusia con la red libre Wifi<\/b><\/p>\n<p>Por primera vez en la historia de la Semana Grande se ofrecer\u00e1 en la mayor\u00eda del recinto festivo una red wifi libre a trav\u00e9s de una infraestructura colaborativa abierta, neutral y segura. De esta manera, los nodos de Izarkom que se instalar\u00e1n en diferentes puntos, dotar\u00e1n de una conexi\u00f3n gratuita para disfrutar aun m\u00e1s de las fiestas <span id=\"translation_box\" class=\"form-control-text textarea\" role=\"textbox\">y la comunicaci\u00f3n entre personas en la red.<\/span> <span id=\"translation_box\" class=\"form-control-text textarea\" role=\"textbox\">Alrededor de las comparsas se colocar\u00e1n varios carteles para poder conectarse a trav\u00e9s de QR e informando de la colaboraci\u00f3n. Asimismo, la oficina de las comparsas, Txupi y Pregonera, as\u00ed como los tel\u00e9fonos antiagresiones, tambi\u00e9n estar\u00e1n conectados a las ondas de izarkom<\/span>.<\/p>\n<p><span id=\"translation_box\" class=\"form-control-text textarea\" role=\"textbox\">\u00a1Bienvenidxs a la red Izarkom!<\/span><\/p>\n<p>Ongi etorri Izarkom sarera!<\/p>\n<p>[\/et_pb_text][et_pb_image src=\u00bbhttps:\/\/www.izarkom.eus\/wp-content\/uploads\/2024\/08\/GIF-BILBOKO-KONPARTSAK-IZARKOM.gif\u00bb alt=\u00bbBK Izarkom aste nagusian wifi sare librea\u00bb title_text=\u00bbGIF BILBOKO KONPARTSAK IZARKOM\u00bb force_fullwidth=\u00bbon\u00bb _builder_version=\u00bb4.25.1&#8243; _module_preset=\u00bbdefault\u00bb global_colors_info=\u00bb{}\u00bb][\/et_pb_image][\/et_pb_column][\/et_pb_row][\/et_pb_section]<\/p>\n","protected":false},"excerpt":{"rendered":"<p>La Federaci\u00f3n Bilboko Konpartsak trabaja en favor de las fiestas populares y soberanas, promoviendo la econom\u00eda social, las cooperativas locales y las alternativas de consumo. En este camino&#8230;<\/p>\n","protected":false},"author":5,"featured_media":18201,"comment_status":"closed","ping_status":"closed","sticky":false,"template":"","format":"standard","meta":{"_et_pb_use_builder":"on","_et_pb_old_content":"","_et_gb_content_width":"","footnotes":""},"categories":[60],"tags":[126,77,56,175,92,55,155,98],"class_list":["post-18206","post","type-post","status-publish","format-standard","has-post-thumbnail","hentry","category-berriak-es-2","tag-arrakala-digitala","tag-hitzarmena","tag-internet","tag-jarduerak","tag-mugikorrak","tag-sare-librea","tag-telekomunikazioburujabetza","tag-wifi"],"yoast_head":"<!-- This site is optimized with the Yoast SEO plugin v27.4 - https:\/\/yoast.com\/product\/yoast-seo-wordpress\/ -->\n<title>Bilboko Konpartsak e Izarkom en colaboraci\u00f3n - izarkom<\/title>\n<meta name=\"description\" content=\"La federaci\u00f3n de comparsas de Bilbao trabaja en favor de las fiestas populares y soberanas, promoviendo la econom\u00eda social, y por ello se ha asociado a izarkom y a firmado un acuerdo.\" \/>\n<meta name=\"robots\" content=\"index, follow, max-snippet:-1, max-image-preview:large, max-video-preview:-1\" \/>\n<link rel=\"canonical\" href=\"https:\/\/www.izarkom.eus\/bilboko-konpartsak-eta-izarkom-elkarlanean\/\" \/>\n<meta property=\"og:locale\" content=\"es_ES\" \/>\n<meta property=\"og:type\" content=\"article\" \/>\n<meta property=\"og:title\" content=\"BILBOKO KOMPARTSAK E IZARKOM EN COLABORACI\u00d3N\" \/>\n<meta property=\"og:description\" content=\"Bilbo Konpartsa ha iniciado una colaboraci\u00f3n con Izarkom para impulsar la soberan\u00eda en las telecomunicaciones\" \/>\n<meta property=\"og:url\" content=\"https:\/\/www.izarkom.eus\/bilboko-konpartsak-eta-izarkom-elkarlanean\/\" \/>\n<meta property=\"og:site_name\" content=\"izarkom\" \/>\n<meta property=\"article:published_time\" content=\"2024-08-08T11:45:19+00:00\" \/>\n<meta property=\"article:modified_time\" content=\"2025-03-31T09:07:32+00:00\" \/>\n<meta property=\"og:image\" content=\"https:\/\/www.izarkom.eus\/wp-content\/uploads\/2024\/08\/Izarkom01-1024x768.png\" \/>\n<meta name=\"author\" content=\"Garaialde(e)ko Gari\" \/>\n<meta name=\"twitter:card\" content=\"summary_large_image\" \/>\n<meta name=\"twitter:title\" content=\"Las comparsas de Bilbao colaboran con Izarkom para impulsar la soberan\u00eda de telecomunicaciones\" \/>\n<meta name=\"twitter:description\" content=\"Adem\u00e1s de transformar los servicios tanto de internet como de m\u00f3vil, durante la Aste Nagusia ofrecer\u00e1n por primera vez una red WiFi libre en colaboraci\u00f3n.\" \/>\n<meta name=\"twitter:image\" content=\"https:\/\/www.izarkom.eus\/wp-content\/uploads\/2024\/08\/Izarkom01.png\" \/>\n<meta name=\"twitter:label1\" content=\"Escrito por\" \/>\n\t<meta name=\"twitter:data1\" content=\"Garaialde(e)ko Gari\" \/>\n\t<meta name=\"twitter:label2\" content=\"Tiempo de lectura\" \/>\n\t<meta name=\"twitter:data2\" content=\"4 minutos\" \/>\n<script type=\"application\/ld+json\" class=\"yoast-schema-graph\">{\"@context\":\"https:\\\/\\\/schema.org\",\"@graph\":[{\"@type\":\"Article\",\"@id\":\"https:\\\/\\\/www.izarkom.eus\\\/bilboko-konpartsak-eta-izarkom-elkarlanean\\\/#article\",\"isPartOf\":{\"@id\":\"https:\\\/\\\/www.izarkom.eus\\\/bilboko-konpartsak-eta-izarkom-elkarlanean\\\/\"},\"author\":{\"name\":\"Garaialde(e)ko Gari\",\"@id\":\"https:\\\/\\\/www.izarkom.eus\\\/#\\\/schema\\\/person\\\/56365137280c1e53dc4fe6bc34d7a976\"},\"headline\":\"Bilboko Konpartsak e Izarkom en colaboraci\u00f3n\",\"datePublished\":\"2024-08-08T11:45:19+00:00\",\"dateModified\":\"2025-03-31T09:07:32+00:00\",\"mainEntityOfPage\":{\"@id\":\"https:\\\/\\\/www.izarkom.eus\\\/bilboko-konpartsak-eta-izarkom-elkarlanean\\\/\"},\"wordCount\":743,\"image\":{\"@id\":\"https:\\\/\\\/www.izarkom.eus\\\/bilboko-konpartsak-eta-izarkom-elkarlanean\\\/#primaryimage\"},\"thumbnailUrl\":\"https:\\\/\\\/www.izarkom.eus\\\/wp-content\\\/uploads\\\/2024\\\/08\\\/Izarkom01.png\",\"keywords\":[\"Arrakala Digitala\",\"Hitzarmena\",\"Internet\",\"jarduerak\",\"mugikorrak\",\"Sare Librea\",\"TelekomunikazioBurujabetza\",\"WiFi\"],\"articleSection\":[\"Berriak\"],\"inLanguage\":\"es\"},{\"@type\":\"WebPage\",\"@id\":\"https:\\\/\\\/www.izarkom.eus\\\/bilboko-konpartsak-eta-izarkom-elkarlanean\\\/\",\"url\":\"https:\\\/\\\/www.izarkom.eus\\\/bilboko-konpartsak-eta-izarkom-elkarlanean\\\/\",\"name\":\"Bilboko Konpartsak e Izarkom en colaboraci\u00f3n - izarkom\",\"isPartOf\":{\"@id\":\"https:\\\/\\\/www.izarkom.eus\\\/#website\"},\"primaryImageOfPage\":{\"@id\":\"https:\\\/\\\/www.izarkom.eus\\\/bilboko-konpartsak-eta-izarkom-elkarlanean\\\/#primaryimage\"},\"image\":{\"@id\":\"https:\\\/\\\/www.izarkom.eus\\\/bilboko-konpartsak-eta-izarkom-elkarlanean\\\/#primaryimage\"},\"thumbnailUrl\":\"https:\\\/\\\/www.izarkom.eus\\\/wp-content\\\/uploads\\\/2024\\\/08\\\/Izarkom01.png\",\"datePublished\":\"2024-08-08T11:45:19+00:00\",\"dateModified\":\"2025-03-31T09:07:32+00:00\",\"author\":{\"@id\":\"https:\\\/\\\/www.izarkom.eus\\\/#\\\/schema\\\/person\\\/56365137280c1e53dc4fe6bc34d7a976\"},\"description\":\"La federaci\u00f3n de comparsas de Bilbao trabaja en favor de las fiestas populares y soberanas, promoviendo la econom\u00eda social, y por ello se ha asociado a izarkom y a firmado un acuerdo.\",\"breadcrumb\":{\"@id\":\"https:\\\/\\\/www.izarkom.eus\\\/bilboko-konpartsak-eta-izarkom-elkarlanean\\\/#breadcrumb\"},\"inLanguage\":\"es\",\"potentialAction\":[{\"@type\":\"ReadAction\",\"target\":[\"https:\\\/\\\/www.izarkom.eus\\\/bilboko-konpartsak-eta-izarkom-elkarlanean\\\/\"]}]},{\"@type\":\"ImageObject\",\"inLanguage\":\"es\",\"@id\":\"https:\\\/\\\/www.izarkom.eus\\\/bilboko-konpartsak-eta-izarkom-elkarlanean\\\/#primaryimage\",\"url\":\"https:\\\/\\\/www.izarkom.eus\\\/wp-content\\\/uploads\\\/2024\\\/08\\\/Izarkom01.png\",\"contentUrl\":\"https:\\\/\\\/www.izarkom.eus\\\/wp-content\\\/uploads\\\/2024\\\/08\\\/Izarkom01.png\",\"width\":1920,\"height\":1440},{\"@type\":\"BreadcrumbList\",\"@id\":\"https:\\\/\\\/www.izarkom.eus\\\/bilboko-konpartsak-eta-izarkom-elkarlanean\\\/#breadcrumb\",\"itemListElement\":[{\"@type\":\"ListItem\",\"position\":1,\"name\":\"Home\",\"item\":\"https:\\\/\\\/www.izarkom.eus\\\/\"},{\"@type\":\"ListItem\",\"position\":2,\"name\":\"Bilboko Konpartsak e Izarkom en colaboraci\u00f3n\"}]},{\"@type\":\"WebSite\",\"@id\":\"https:\\\/\\\/www.izarkom.eus\\\/#website\",\"url\":\"https:\\\/\\\/www.izarkom.eus\\\/\",\"name\":\"izarkom\",\"description\":\"Izarkom, Euskal Herriko telekomunikazio kooperatiba\",\"potentialAction\":[{\"@type\":\"SearchAction\",\"target\":{\"@type\":\"EntryPoint\",\"urlTemplate\":\"https:\\\/\\\/www.izarkom.eus\\\/?s={search_term_string}\"},\"query-input\":{\"@type\":\"PropertyValueSpecification\",\"valueRequired\":true,\"valueName\":\"search_term_string\"}}],\"inLanguage\":\"es\"},{\"@type\":\"Person\",\"@id\":\"https:\\\/\\\/www.izarkom.eus\\\/#\\\/schema\\\/person\\\/56365137280c1e53dc4fe6bc34d7a976\",\"name\":\"Garaialde(e)ko Gari\",\"url\":\"https:\\\/\\\/www.izarkom.eus\\\/es\\\/author\\\/gari-garaialde\\\/\"}]}<\/script>\n<!-- \/ Yoast SEO plugin. -->","yoast_head_json":{"title":"Bilboko Konpartsak e Izarkom en colaboraci\u00f3n - izarkom","description":"La federaci\u00f3n de comparsas de Bilbao trabaja en favor de las fiestas populares y soberanas, promoviendo la econom\u00eda social, y por ello se ha asociado a izarkom y a firmado un acuerdo.","robots":{"index":"index","follow":"follow","max-snippet":"max-snippet:-1","max-image-preview":"max-image-preview:large","max-video-preview":"max-video-preview:-1"},"canonical":"https:\/\/www.izarkom.eus\/bilboko-konpartsak-eta-izarkom-elkarlanean\/","og_locale":"es_ES","og_type":"article","og_title":"BILBOKO KOMPARTSAK E IZARKOM EN COLABORACI\u00d3N","og_description":"Bilbo Konpartsa ha iniciado una colaboraci\u00f3n con Izarkom para impulsar la soberan\u00eda en las telecomunicaciones","og_url":"https:\/\/www.izarkom.eus\/bilboko-konpartsak-eta-izarkom-elkarlanean\/","og_site_name":"izarkom","article_published_time":"2024-08-08T11:45:19+00:00","article_modified_time":"2025-03-31T09:07:32+00:00","og_image":[{"url":"https:\/\/www.izarkom.eus\/wp-content\/uploads\/2024\/08\/Izarkom01-1024x768.png","type":"","width":"","height":""}],"author":"Garaialde(e)ko Gari","twitter_card":"summary_large_image","twitter_title":"Las comparsas de Bilbao colaboran con Izarkom para impulsar la soberan\u00eda de telecomunicaciones","twitter_description":"Adem\u00e1s de transformar los servicios tanto de internet como de m\u00f3vil, durante la Aste Nagusia ofrecer\u00e1n por primera vez una red WiFi libre en colaboraci\u00f3n.","twitter_image":"https:\/\/www.izarkom.eus\/wp-content\/uploads\/2024\/08\/Izarkom01.png","twitter_misc":{"Escrito por":"Garaialde(e)ko Gari","Tiempo de lectura":"4 minutos"},"schema":{"@context":"https:\/\/schema.org","@graph":[{"@type":"Article","@id":"https:\/\/www.izarkom.eus\/bilboko-konpartsak-eta-izarkom-elkarlanean\/#article","isPartOf":{"@id":"https:\/\/www.izarkom.eus\/bilboko-konpartsak-eta-izarkom-elkarlanean\/"},"author":{"name":"Garaialde(e)ko Gari","@id":"https:\/\/www.izarkom.eus\/#\/schema\/person\/56365137280c1e53dc4fe6bc34d7a976"},"headline":"Bilboko Konpartsak e Izarkom en colaboraci\u00f3n","datePublished":"2024-08-08T11:45:19+00:00","dateModified":"2025-03-31T09:07:32+00:00","mainEntityOfPage":{"@id":"https:\/\/www.izarkom.eus\/bilboko-konpartsak-eta-izarkom-elkarlanean\/"},"wordCount":743,"image":{"@id":"https:\/\/www.izarkom.eus\/bilboko-konpartsak-eta-izarkom-elkarlanean\/#primaryimage"},"thumbnailUrl":"https:\/\/www.izarkom.eus\/wp-content\/uploads\/2024\/08\/Izarkom01.png","keywords":["Arrakala Digitala","Hitzarmena","Internet","jarduerak","mugikorrak","Sare Librea","TelekomunikazioBurujabetza","WiFi"],"articleSection":["Berriak"],"inLanguage":"es"},{"@type":"WebPage","@id":"https:\/\/www.izarkom.eus\/bilboko-konpartsak-eta-izarkom-elkarlanean\/","url":"https:\/\/www.izarkom.eus\/bilboko-konpartsak-eta-izarkom-elkarlanean\/","name":"Bilboko Konpartsak e Izarkom en colaboraci\u00f3n - izarkom","isPartOf":{"@id":"https:\/\/www.izarkom.eus\/#website"},"primaryImageOfPage":{"@id":"https:\/\/www.izarkom.eus\/bilboko-konpartsak-eta-izarkom-elkarlanean\/#primaryimage"},"image":{"@id":"https:\/\/www.izarkom.eus\/bilboko-konpartsak-eta-izarkom-elkarlanean\/#primaryimage"},"thumbnailUrl":"https:\/\/www.izarkom.eus\/wp-content\/uploads\/2024\/08\/Izarkom01.png","datePublished":"2024-08-08T11:45:19+00:00","dateModified":"2025-03-31T09:07:32+00:00","author":{"@id":"https:\/\/www.izarkom.eus\/#\/schema\/person\/56365137280c1e53dc4fe6bc34d7a976"},"description":"La federaci\u00f3n de comparsas de Bilbao trabaja en favor de las fiestas populares y soberanas, promoviendo la econom\u00eda social, y por ello se ha asociado a izarkom y a firmado un acuerdo.","breadcrumb":{"@id":"https:\/\/www.izarkom.eus\/bilboko-konpartsak-eta-izarkom-elkarlanean\/#breadcrumb"},"inLanguage":"es","potentialAction":[{"@type":"ReadAction","target":["https:\/\/www.izarkom.eus\/bilboko-konpartsak-eta-izarkom-elkarlanean\/"]}]},{"@type":"ImageObject","inLanguage":"es","@id":"https:\/\/www.izarkom.eus\/bilboko-konpartsak-eta-izarkom-elkarlanean\/#primaryimage","url":"https:\/\/www.izarkom.eus\/wp-content\/uploads\/2024\/08\/Izarkom01.png","contentUrl":"https:\/\/www.izarkom.eus\/wp-content\/uploads\/2024\/08\/Izarkom01.png","width":1920,"height":1440},{"@type":"BreadcrumbList","@id":"https:\/\/www.izarkom.eus\/bilboko-konpartsak-eta-izarkom-elkarlanean\/#breadcrumb","itemListElement":[{"@type":"ListItem","position":1,"name":"Home","item":"https:\/\/www.izarkom.eus\/"},{"@type":"ListItem","position":2,"name":"Bilboko Konpartsak e Izarkom en colaboraci\u00f3n"}]},{"@type":"WebSite","@id":"https:\/\/www.izarkom.eus\/#website","url":"https:\/\/www.izarkom.eus\/","name":"izarkom","description":"Izarkom, Euskal Herriko telekomunikazio kooperatiba","potentialAction":[{"@type":"SearchAction","target":{"@type":"EntryPoint","urlTemplate":"https:\/\/www.izarkom.eus\/?s={search_term_string}"},"query-input":{"@type":"PropertyValueSpecification","valueRequired":true,"valueName":"search_term_string"}}],"inLanguage":"es"},{"@type":"Person","@id":"https:\/\/www.izarkom.eus\/#\/schema\/person\/56365137280c1e53dc4fe6bc34d7a976","name":"Garaialde(e)ko Gari","url":"https:\/\/www.izarkom.eus\/es\/author\/gari-garaialde\/"}]}},"_links":{"self":[{"href":"https:\/\/www.izarkom.eus\/es\/wp-json\/wp\/v2\/posts\/18206","targetHints":{"allow":["GET"]}}],"collection":[{"href":"https:\/\/www.izarkom.eus\/es\/wp-json\/wp\/v2\/posts"}],"about":[{"href":"https:\/\/www.izarkom.eus\/es\/wp-json\/wp\/v2\/types\/post"}],"author":[{"embeddable":true,"href":"https:\/\/www.izarkom.eus\/es\/wp-json\/wp\/v2\/users\/5"}],"replies":[{"embeddable":true,"href":"https:\/\/www.izarkom.eus\/es\/wp-json\/wp\/v2\/comments?post=18206"}],"version-history":[{"count":5,"href":"https:\/\/www.izarkom.eus\/es\/wp-json\/wp\/v2\/posts\/18206\/revisions"}],"predecessor-version":[{"id":22009,"href":"https:\/\/www.izarkom.eus\/es\/wp-json\/wp\/v2\/posts\/18206\/revisions\/22009"}],"wp:featuredmedia":[{"embeddable":true,"href":"https:\/\/www.izarkom.eus\/es\/wp-json\/wp\/v2\/media\/18201"}],"wp:attachment":[{"href":"https:\/\/www.izarkom.eus\/es\/wp-json\/wp\/v2\/media?parent=18206"}],"wp:term":[{"taxonomy":"category","embeddable":true,"href":"https:\/\/www.izarkom.eus\/es\/wp-json\/wp\/v2\/categories?post=18206"},{"taxonomy":"post_tag","embeddable":true,"href":"https:\/\/www.izarkom.eus\/es\/wp-json\/wp\/v2\/tags?post=18206"}],"curies":[{"name":"wp","href":"https:\/\/api.w.org\/{rel}","templated":true}]}}