{"id":26836,"global_id":"www.izarkom.eus\/es\/?id=26836","global_id_lineage":["www.izarkom.eus\/es\/?id=26836"],"author":"10","status":"publish","date":"2026-01-15 09:31:49","date_utc":"2026-01-15 08:31:49","modified":"2026-01-15 09:35:50","modified_utc":"2026-01-15 08:35:50","url":"https:\/\/www.izarkom.eus\/es\/ekitaldiak\/inauguracion-de-la-oficina-de-irunea\/","rest_url":"https:\/\/www.izarkom.eus\/es\/wp-json\/tribe\/events\/v1\/events\/26836","title":"Inauguraci\u00f3n de la oficina de Iru\u00f1ea","description":"<p>[et_pb_section fb_built=\u00bb1&#8243; _builder_version=\u00bb4.16&#8243; da_disable_devices=\u00bboff|off|off\u00bb locked=\u00bboff\u00bb global_colors_info=\u00bb{}\u00bb da_is_popup=\u00bboff\u00bb da_exit_intent=\u00bboff\u00bb da_has_close=\u00bbon\u00bb da_alt_close=\u00bboff\u00bb da_dark_close=\u00bboff\u00bb da_not_modal=\u00bbon\u00bb da_is_singular=\u00bboff\u00bb da_with_loader=\u00bboff\u00bb da_has_shadow=\u00bbon\u00bb][et_pb_row _builder_version=\u00bb4.16&#8243; background_size=\u00bbinitial\u00bb background_position=\u00bbtop_left\u00bb background_repeat=\u00bbrepeat\u00bb hover_enabled=\u00bb0&#8243; global_colors_info=\u00bb{}\u00bb sticky_enabled=\u00bb0&#8243;][et_pb_column type=\u00bb4_4&#8243; _builder_version=\u00bb4.16&#8243; custom_padding=\u00bb|||\u00bb global_colors_info=\u00bb{}\u00bb custom_padding__hover=\u00bb|||\u00bb][et_pb_text _builder_version=\u00bb4.25.1&#8243; text_font=\u00bb|300|||||||\u00bb background_size=\u00bbinitial\u00bb background_position=\u00bbtop_left\u00bb background_repeat=\u00bbrepeat\u00bb hover_enabled=\u00bb0&#8243; global_colors_info=\u00bb{}\u00bb sticky_enabled=\u00bb0&#8243;]<\/p>\n<p style=\"font-size: 100%;\">Hace ya medio a\u00f1o que, tras el gran apag\u00f3n de abril, las cooperativas Goiener e Izarkom iniciamos una colaboraci\u00f3n estrat\u00e9gica en el \u00e1mbito de la energ\u00eda y las telecomunicaciones. El primer paso que dimos fue el manifiesto Itzali sistema, piztu alternatibak, el que recibi\u00f3 un gran apoyo social. Ahora vamos a por el siguiente, con la apertura de la nueva oficina que compartiremos en Iru\u00f1ea ambas cooperativas:<\/p>\n<p>&nbsp;<\/p>\n<p style=\"font-size: 100%;\">El jueves 22 de enero a las 19:00 de la tarde habr\u00e1 un acto de inauguraci\u00f3n conjunto, comida-bebida y una oferta cultural a cargo de las bertsolaris Mintxo Astitz y Ainara Yeregi y DJ Moreira<\/p>\n<p>[\/et_pb_text][et_pb_text _builder_version=\u00bb4.25.1&#8243; text_font=\u00bb|300|||||||\u00bb background_size=\u00bbinitial\u00bb background_position=\u00bbtop_left\u00bb background_repeat=\u00bbrepeat\u00bb width=\u00bb90%\u00bb module_alignment=\u00bbcenter\u00bb hover_enabled=\u00bb0&#8243; global_colors_info=\u00bb{}\u00bb sticky_enabled=\u00bb0&#8243;]<\/p>\n<p style=\"font-size: 100%;\"> <strong>Por ello, nos gustar\u00eda que estuvieras presente en este acto tan especial. <\/strong> Para saber el n\u00famero de personas que nos vamos a reunir, te agradecer\u00edamos nos confirmaras tu asistencia rellenando el siguiente formulario:<\/p>\n<p>[\/et_pb_text][et_pb_button button_url=\u00bbhttps:\/\/form.jotform.com\/260116036707349?utm_campaign=goiener-eta-gipuzkoako-pilota&amp;utm_medium=email&amp;utm_source=acumbamail\u00bb button_text=\u00bbConfirmar  Asistencia\u00bb button_alignment=\u00bbcenter\u00bb module_class=\u00bbIzenEmatea_bt\u00bb _builder_version=\u00bb4.25.1&#8243; _module_preset=\u00bbdefault\u00bb custom_button=\u00bbon\u00bb button_text_size=\u00bb17px\u00bb button_text_color=\u00bb#FFFFFF\u00bb button_bg_color=\u00bb#BA0533&#8243; button_icon=\u00bb&#x6c;||divi||400&#8243; custom_margin=\u00bb61px||||false|false\u00bb hover_enabled=\u00bb0&#8243; global_colors_info=\u00bb{}\u00bb sticky_enabled=\u00bb0&#8243;][\/et_pb_button][\/et_pb_column][\/et_pb_row][\/et_pb_section]<\/p>","excerpt":"","slug":"inauguracion-de-la-oficina-de-irunea","image":{"url":"https:\/\/www.izarkom.eus\/wp-content\/uploads\/2026\/01\/goiener-izarkom-irunea.jpg","id":26794,"extension":"jpg","width":1280,"height":812,"filesize":57115,"sizes":{"medium":{"width":300,"height":190,"mime-type":"image\/jpeg","filesize":8561,"url":"https:\/\/www.izarkom.eus\/wp-content\/uploads\/2026\/01\/goiener-izarkom-irunea-300x190.jpg"},"large":{"width":1024,"height":650,"mime-type":"image\/jpeg","filesize":40418,"url":"https:\/\/www.izarkom.eus\/wp-content\/uploads\/2026\/01\/goiener-izarkom-irunea-1024x650.jpg"},"thumbnail":{"width":150,"height":150,"mime-type":"image\/jpeg","filesize":5848,"url":"https:\/\/www.izarkom.eus\/wp-content\/uploads\/2026\/01\/goiener-izarkom-irunea-150x150.jpg"},"medium_large":{"width":768,"height":487,"mime-type":"image\/jpeg","filesize":28472,"url":"https:\/\/www.izarkom.eus\/wp-content\/uploads\/2026\/01\/goiener-izarkom-irunea-768x487.jpg"},"et-pb-post-main-image":{"width":400,"height":250,"mime-type":"image\/jpeg","filesize":12439,"url":"https:\/\/www.izarkom.eus\/wp-content\/uploads\/2026\/01\/goiener-izarkom-irunea-400x250.jpg"},"et-pb-post-main-image-fullwidth":{"width":1080,"height":675,"mime-type":"image\/jpeg","filesize":43399,"url":"https:\/\/www.izarkom.eus\/wp-content\/uploads\/2026\/01\/goiener-izarkom-irunea-1080x675.jpg"},"et-pb-portfolio-image":{"width":400,"height":284,"mime-type":"image\/jpeg","filesize":14150,"url":"https:\/\/www.izarkom.eus\/wp-content\/uploads\/2026\/01\/goiener-izarkom-irunea-400x284.jpg"},"et-pb-portfolio-module-image":{"width":510,"height":382,"mime-type":"image\/jpeg","filesize":20655,"url":"https:\/\/www.izarkom.eus\/wp-content\/uploads\/2026\/01\/goiener-izarkom-irunea-510x382.jpg"},"et-pb-portfolio-image-single":{"width":1080,"height":685,"mime-type":"image\/jpeg","filesize":43299,"url":"https:\/\/www.izarkom.eus\/wp-content\/uploads\/2026\/01\/goiener-izarkom-irunea-1080x685.jpg"},"et-pb-gallery-module-image-portrait":{"width":400,"height":516,"mime-type":"image\/jpeg","filesize":24629,"url":"https:\/\/www.izarkom.eus\/wp-content\/uploads\/2026\/01\/goiener-izarkom-irunea-400x516.jpg"},"et-pb-image--responsive--tablet":{"width":980,"height":622,"mime-type":"image\/jpeg","filesize":38502,"url":"https:\/\/www.izarkom.eus\/wp-content\/uploads\/2026\/01\/goiener-izarkom-irunea-980x622.jpg"},"et-pb-image--responsive--phone":{"width":480,"height":305,"mime-type":"image\/jpeg","filesize":15891,"url":"https:\/\/www.izarkom.eus\/wp-content\/uploads\/2026\/01\/goiener-izarkom-irunea-480x305.jpg"}}},"all_day":false,"start_date":"2026-01-22 19:00:00","start_date_details":{"year":"2026","month":"01","day":"22","hour":"19","minutes":"00","seconds":"00"},"end_date":"2026-01-22 19:00:00","end_date_details":{"year":"2026","month":"01","day":"22","hour":"19","minutes":"00","seconds":"00"},"utc_start_date":"2026-01-22 18:00:00","utc_start_date_details":{"year":"2026","month":"01","day":"22","hour":"18","minutes":"00","seconds":"00"},"utc_end_date":"2026-01-22 18:00:00","utc_end_date_details":{"year":"2026","month":"01","day":"22","hour":"18","minutes":"00","seconds":"00"},"timezone":"Europe\/Madrid","timezone_abbr":"CET","cost":"","cost_details":{"currency_symbol":"","currency_code":"","currency_position":"","values":[]},"website":"https:\/\/www.izarkom.eus\/es\/ekitaldiak\/inauguracion-de-la-oficina-de-irunea\/","show_map":true,"show_map_link":true,"hide_from_listings":false,"sticky":false,"featured":false,"categories":[{"name":"Bestelakoak","slug":"bestelakoak-es","term_group":0,"term_taxonomy_id":208,"taxonomy":"tribe_events_cat","description":"","parent":0,"count":15,"filter":"raw","id":208,"urls":{"self":"https:\/\/www.izarkom.eus\/es\/wp-json\/tribe\/events\/v1\/categories\/208","collection":"https:\/\/www.izarkom.eus\/es\/wp-json\/tribe\/events\/v1\/categories"}},{"name":"Cooperaci\u00f3n Goiener Izarkom","slug":"cooperacion-goiener-izarkom","term_group":0,"term_taxonomy_id":246,"taxonomy":"tribe_events_cat","description":"","parent":0,"count":1,"filter":"raw","id":246,"urls":{"self":"https:\/\/www.izarkom.eus\/es\/wp-json\/tribe\/events\/v1\/categories\/246","collection":"https:\/\/www.izarkom.eus\/es\/wp-json\/tribe\/events\/v1\/categories"}}],"tags":[{"name":"inaugurazioa","slug":"inaugurazioa","term_group":0,"term_taxonomy_id":243,"taxonomy":"post_tag","description":"","parent":0,"count":4,"filter":"raw","id":243,"urls":{"self":"https:\/\/www.izarkom.eus\/es\/wp-json\/tribe\/events\/v1\/tags\/243","collection":"https:\/\/www.izarkom.eus\/es\/wp-json\/tribe\/events\/v1\/tags"}},{"name":"Iru\u00f1ea","slug":"irunea","term_group":0,"term_taxonomy_id":242,"taxonomy":"post_tag","description":"","parent":0,"count":4,"filter":"raw","id":242,"urls":{"self":"https:\/\/www.izarkom.eus\/es\/wp-json\/tribe\/events\/v1\/tags\/242","collection":"https:\/\/www.izarkom.eus\/es\/wp-json\/tribe\/events\/v1\/tags"}}],"venue":{"id":26819,"author":"10","status":"publish","date":"2026-01-14 13:10:48","date_utc":"2026-01-14 12:10:48","modified":"2026-01-15 09:37:27","modified_utc":"2026-01-15 08:37:27","url":"https:\/\/www.izarkom.eus\/recinto\/goiener-izarom-irunea\/","venue":"Goiener &#8211; Izarkom Iru\u00f1ea","slug":"goiener-izarom-irunea","address":"Kale berria 10","city":"Iru\u00f1ea","province":"Euskal Herria","zip":"31001","stateprovince":"Euskal Herria","json_ld":{"@type":"Place","name":"Goiener &#8211; Izarkom Iru\u00f1ea","description":"","url":"","address":{"@type":"PostalAddress","streetAddress":"Kale berria 10","addressLocality":"Iru\u00f1ea","addressRegion":"Euskal Herria","postalCode":"31001"},"telephone":"","sameAs":""},"show_map":true,"show_map_link":true,"global_id":"www.izarkom.eus\/es\/?id=26819","global_id_lineage":["www.izarkom.eus\/es\/?id=26819"]},"organizer":[{"id":15520,"author":"5","status":"publish","date":"2024-02-05 12:31:53","date_utc":"2024-02-05 11:31:53","modified":"2025-09-10 12:19:31","modified_utc":"2025-09-10 10:19:31","url":"https:\/\/www.izarkom.eus\/organizador\/izarkom\/","organizer":"Izarkom","slug":"izarkom","website":"https:\/\/www.izarkom.eus\/","email":"arreta@izarkom.eus","json_ld":{"@type":"Person","name":"Izarkom","description":"","url":"https:\/\/www.izarkom.eus\/","telephone":"","email":"ar&#114;&#101;&#116;a&#64;i&#122;&#97;rk&#111;m&#46;eu&#115;","sameAs":"https:\/\/www.izarkom.eus\/"},"global_id":"www.izarkom.eus\/es\/?id=15520","global_id_lineage":["www.izarkom.eus\/es\/?id=15520"]},{"id":22872,"author":"5","status":"publish","date":"2025-06-04 09:28:23","date_utc":"2025-06-04 07:28:23","modified":"2025-06-04 09:28:23","modified_utc":"2025-06-04 07:28:23","url":"https:\/\/www.izarkom.eus\/organizador\/goiener\/","organizer":"Goiener","slug":"goiener","phone":"+34 900 816 365","website":"https:\/\/www.goiener.com","json_ld":{"@type":"Person","name":"Goiener","description":"","url":"https:\/\/www.goiener.com","telephone":"+34 900 816 365","email":"","sameAs":"https:\/\/www.goiener.com"},"global_id":"www.izarkom.eus\/es\/?id=22872","global_id_lineage":["www.izarkom.eus\/es\/?id=22872"]}],"custom_fields":[],"json_ld":{"@context":"http:\/\/schema.org","@type":"Event","name":"Inauguraci\u00f3n de la oficina de Iru\u00f1ea","description":"&lt;p&gt;Hace ya medio a\u00f1o que, tras el gran apag\u00f3n de abril, las cooperativas Goiener e Izarkom iniciamos una colaboraci\u00f3n estrat\u00e9gica en el \u00e1mbito de la energ\u00eda y las telecomunicaciones. El [&hellip;]&lt;\/p&gt;\\n","image":"https:\/\/www.izarkom.eus\/wp-content\/uploads\/2026\/01\/goiener-izarkom-irunea.jpg","url":"https:\/\/www.izarkom.eus\/es\/ekitaldiak\/inauguracion-de-la-oficina-de-irunea\/","eventAttendanceMode":"https:\/\/schema.org\/OfflineEventAttendanceMode","eventStatus":"https:\/\/schema.org\/EventScheduled","startDate":"2026-01-22T19:00:00+01:00","endDate":"2026-01-22T19:00:00+01:00","location":{"@type":"Place","name":"Goiener &#8211; Izarkom Iru\u00f1ea","description":"","url":"","address":{"@type":"PostalAddress","streetAddress":"Kale berria 10","addressLocality":"Iru\u00f1ea","addressRegion":"Euskal Herria","postalCode":"31001"},"telephone":"","sameAs":""},"organizer":{"@type":"Person","name":"Izarkom","description":"","url":"https:\/\/www.izarkom.eus\/","telephone":"","email":"&#97;&#114;&#114;&#101;t&#97;&#64;iza&#114;ko&#109;&#46;e&#117;s","sameAs":"https:\/\/www.izarkom.eus\/"},"performer":"Organization"}}